{"id":1239,"date":"2011-01-23T09:02:02","date_gmt":"2011-01-23T09:02:02","guid":{"rendered":"http:\/\/toprural.ro\/?p=1239"},"modified":"2013-01-30T21:22:31","modified_gmt":"2013-01-30T21:22:31","slug":"camping-ananas-cisnadioara","status":"publish","type":"post","link":"https:\/\/cartitaplimbareata.ro\/index.php\/1239\/camping-ananas-cisnadioara\/","title":{"rendered":"Camping Ananas, Cisn\u0103dioara"},"content":{"rendered":"<p>Dac\u0103 vrei s\u0103 vizitezi Sibiul, dar poate nu ai chef s\u0103 te cazezi undeva \u00een ora\u015f, Cisn\u0103dioara este o foarte bun\u0103 alternativ\u0103 .. esti la \u0163ar\u0103 \u015fi totu\u015fi la 5 km de Sibiu. De diminea\u0163\u0103 auzi coco\u015ful cum strig\u0103 \u015fi b\u0103taia clopotului Bisericii Evanghelice din sat \u015fi \u00ee\u0163i po\u0163i bea cafeaua la iarb\u0103 verde la&#8230; Camping Ananas.<\/p>\n<p>Aici te po\u0163i caza fie la casele de vacan\u0163a Lucia, Iacob, Michael, Yvonne, care se \u00eenchiriaz\u0103 integral pentru 4-6 persoane, fie \u00een spa\u0163iul amenajat pentru rulote, caravane sau cort. Locul este foarte pl\u0103cut, fiind de fapt o livad\u0103 cu pruni unde sunt f\u0103cute amenaj\u0103rile necesare. Aici ai o priveli\u015fte special\u0103 asupra satului Cisn\u0103dioara, dar \u015fi a cet\u0103\u0163ii medievale de pe deal \u015fi, \u00een zilele cu claritate, chiar p\u00e2n\u0103 la v\u00e2rfurile F\u0103g\u0103ra\u015fului&#8230; .<\/p>\n<p>\u00cen zilele c\u0103lduroase de var\u0103 \u00eel po\u0163i z\u0103ri printre pruni pe proprietarul campingului, care nu este rom\u00e2n sau sas a\u015fa cum ai crede, ci chiar neam\u0163 get-beget care a ales s\u0103 vin\u0103 \u015fi s\u0103 pun\u0103 bazele unui business \u00een Cisn\u0103dioara deschiz\u00e2nd acest camping&#8230; Noi l-am surprins \u00eentr-o zi torid\u0103 de var\u0103 .. d\u00e2nd cu coasa&#8230;o imagine special\u0103, \u015fi l-am \u00eentrebat care e povestea lui&#8230;Ne-a m\u0103surat din cap p\u00e2n\u0103 \u00een picioare \u015fi ne-a r\u0103spuns: &#8220;Hmm, c\u00e2te zile ave\u0163i la dispozi\u0163ie?&#8221;&#8230;era clar c\u0103 e o poveste lung\u0103 \ud83d\ude09<\/p>\n<p>\u015ei dac\u0103 ei au venit tocmai din Germania s\u0103 se stabileasc\u0103 aici&#8230; m\u0103 g\u00e2ndesc c\u0103 merit\u0103 vizitat locul \u0103sta&#8230; s\u0103 vedem ce \u00eel face a\u015fa special&#8230;<\/p>\n<p><strong>Ce ne-a placut aici:<\/strong> privelistea asupra bisericii Cisnadioara de pe deal, asupra Fagarasului si Cibinului, atmosfera patriarhala, pozitionarea corturilor pe terasele livezii cu pruni, in 2012 proprietarii au construit un nou corp de dusuri si toalete in apropierea receptiei.<\/p>\n<p><strong>Ce ne-a placut mai putin aici:<\/strong> uneori cand sunt multi turisti in camping care folosesc dusurile, apa calda vine destul de greu; drumul pietruit care leaga drumul din centrul Cisnadioarei de camping este unul pietruit dar care si-ar dori cu ardoare putin asfalt.<\/p>\n<p>Inspector Cartita acorda Campingului Ananas un numar de &#8230; 3 flori de <strong>nu-ma-uita<\/strong>.<br \/>\n<span style=\"color: #c0c0c0;\">&#8212;&#8212;&#8212;&#8212;&#8212;&#8212;&#8212;&#8212;<br \/>\n<\/span><strong><span style=\"color: #c0c0c0;\">Vezi \u015fi:<\/span><br \/>\nDe v\u0103zut, de f\u0103cut: <a href=\"http:\/\/toprural.ro\/index.php\/1165\/sibiu\/\" target=\"_self\">Sibiu<\/a>, <a href=\"http:\/\/toprural.ro\/index.php\/1261\/casa-calfelor-sibiu\/\" target=\"_self\">Casa Calfelor-Sibiu<\/a>, <a href=\"http:\/\/toprural.ro\/index.php\/1524\/ocna-sibiului\/\" target=\"_self\">Ocna Sibiului<\/a>, <a href=\"http:\/\/toprural.ro\/index.php\/1184\/muzeul-cicilizatiei-populare-traditionale-astra-sibiu\/\" target=\"_self\">Muzeul Civiliza\u0163iei Populare Tradi\u0163ionale ASTRA<\/a><br \/>\nExtern: <a href=\"http:\/\/maps.google.com\/?ie=UTF8&amp;t=f&amp;ecpose=45.70626627,24.10556126,907.77,-0.611,0,0&amp;ll=45.706266,24.105561&amp;spn=0.002817,0.006866&amp;z=18\" target=\"_blank\">Harta<\/a>, <a href=\"http:\/\/www.ananas7b.de\/ro\/index.htm\" target=\"_blank\">Camping Ananas<\/a>, <a href=\"http:\/\/www.zf.ro\/ziarul-de-duminica\/reportajul-lunii-strainii-la-sibiu-4057615\/\" target=\"_blank\">Articol Ziarul Financiar-Str\u0103inii la Sibiu<\/a> <\/strong><\/p>\n","protected":false},"excerpt":{"rendered":"<p>Dac\u0103 vrei s\u0103 vizitezi Sibiul, dar poate nu ai chef s\u0103 te cazezi undeva \u00een ora\u015f, Cisn\u0103dioara este o foarte bun\u0103 alternativ\u0103 .. esti la \u0163ar\u0103 \u015fi totu\u015fi la 5 [&hellip;]<\/p>\n","protected":false},"author":1,"featured_media":1248,"comment_status":"open","ping_status":"open","sticky":false,"template":"","format":"standard","meta":{"ngg_post_thumbnail":0,"jetpack_post_was_ever_published":false,"_jetpack_newsletter_access":"","_jetpack_dont_email_post_to_subs":false,"_jetpack_newsletter_tier_id":0,"_jetpack_memberships_contains_paywalled_content":false,"_jetpack_memberships_contains_paid_content":false,"footnotes":"","jetpack_publicize_message":"","jetpack_publicize_feature_enabled":true,"jetpack_social_post_already_shared":false,"jetpack_social_options":{"image_generator_settings":{"template":"highway","default_image_id":0,"font":"","enabled":false},"version":2}},"categories":[35],"tags":[109,126,125,49],"class_list":["post-1239","post","type-post","status-publish","format-standard","has-post-thumbnail","hentry","category-blog","tag-100-verificat-de-cartita","tag-camping","tag-inspector-cartita","tag-sibiu"],"aioseo_notices":[],"jetpack_publicize_connections":[],"jetpack_featured_media_url":"https:\/\/i0.wp.com\/cartitaplimbareata.ro\/wp-content\/uploads\/0017_Camping-Ananas-Cisnadioara_201101008-e1343235887510.jpg?fit=704%2C528&ssl=1","jetpack_sharing_enabled":true,"jetpack_shortlink":"https:\/\/wp.me\/p65bIc-jZ","_links":{"self":[{"href":"https:\/\/cartitaplimbareata.ro\/index.php\/wp-json\/wp\/v2\/posts\/1239","targetHints":{"allow":["GET"]}}],"collection":[{"href":"https:\/\/cartitaplimbareata.ro\/index.php\/wp-json\/wp\/v2\/posts"}],"about":[{"href":"https:\/\/cartitaplimbareata.ro\/index.php\/wp-json\/wp\/v2\/types\/post"}],"author":[{"embeddable":true,"href":"https:\/\/cartitaplimbareata.ro\/index.php\/wp-json\/wp\/v2\/users\/1"}],"replies":[{"embeddable":true,"href":"https:\/\/cartitaplimbareata.ro\/index.php\/wp-json\/wp\/v2\/comments?post=1239"}],"version-history":[{"count":26,"href":"https:\/\/cartitaplimbareata.ro\/index.php\/wp-json\/wp\/v2\/posts\/1239\/revisions"}],"predecessor-version":[{"id":6423,"href":"https:\/\/cartitaplimbareata.ro\/index.php\/wp-json\/wp\/v2\/posts\/1239\/revisions\/6423"}],"wp:featuredmedia":[{"embeddable":true,"href":"https:\/\/cartitaplimbareata.ro\/index.php\/wp-json\/wp\/v2\/media\/1248"}],"wp:attachment":[{"href":"https:\/\/cartitaplimbareata.ro\/index.php\/wp-json\/wp\/v2\/media?parent=1239"}],"wp:term":[{"taxonomy":"category","embeddable":true,"href":"https:\/\/cartitaplimbareata.ro\/index.php\/wp-json\/wp\/v2\/categories?post=1239"},{"taxonomy":"post_tag","embeddable":true,"href":"https:\/\/cartitaplimbareata.ro\/index.php\/wp-json\/wp\/v2\/tags?post=1239"}],"curies":[{"name":"wp","href":"https:\/\/api.w.org\/{rel}","templated":true}]}}