{"id":1285,"date":"2011-01-23T21:22:10","date_gmt":"2011-01-23T21:22:10","guid":{"rendered":"http:\/\/toprural.ro\/?p=1285"},"modified":"2012-12-08T08:48:58","modified_gmt":"2012-12-08T08:48:58","slug":"manastirea-arnota","status":"publish","type":"post","link":"https:\/\/cartitaplimbareata.ro\/index.php\/1285\/manastirea-arnota\/","title":{"rendered":"M\u0103n\u0103stirea Arnota"},"content":{"rendered":"<p>Retras\u0103 pe un col\u021b de munte, mic\u0103 \u0219i relativ izolat\u0103, M\u0103n\u0103stirea Arnota face parte \u00eens\u0103 din categoria \u201dgreilor\u201d.\u00a0 La poalele Mun\u021bilor Buila, dar destul de sus ca s\u0103 se rup\u0103 de agita\u021bia din satele de jos, m\u0103n\u0103stirea domin\u0103 dealurile v\u00e2lcene \u0219i te las\u0103 s\u0103 te bucuri de o priveli\u0219te absolut impresionant\u0103, at\u00e2t spre sud, c\u00e2t \u0219i spre nord, spre culmile C\u0103p\u0103\u0163\u00e2nii.<\/p>\n<p>M\u0103n\u0103stirea, cu hramul &#8220;Sfin\u0163ii Arhangheli Mihail \u0219i Gavriil&#8221;, e aproape de R\u00e2mnicu V\u00e2lcea, la doar 56 km departare, \u00een comuna Coste\u0219ti, \u0219i este vecin\u0103 bun\u0103 cu M\u0103n\u0103stirea Bistri\u021ba, a\u0219ezat\u0103 mai jos, \u00een satul cu acela\u0219i nume. De aici se urc\u0103 fie pe drumul ce trece prin cariera de calcare de la Pietreni, fie pe potec\u0103, mai scurt dar mai anevoios. Drumul prin carier\u0103 e \u201dinteresant\u201d din punct de vedere tehnic, c\u0103ci apuci s\u0103 vezi de aproape utilaje \u0219i ma\u0219in\u0103rii specifice, dar e bine ca ma\u0219ina s\u0103 fie pu\u021bin mai \u00eenalt\u0103, ca s\u0103 ajungi sus calm \u0219i lini\u0219tit, ca s\u0103 nu presari drumul cu adrese la cele nesfinte \ud83d\ude42<\/p>\n<p>De jos, din sat, din Bistri\u021ba, m\u0103n\u0103stirea apare ca o cetate, cu turnurile albe \u0219i acoperi\u0219urile ro\u0219iatice ie\u0219ind din verdele p\u0103durii, \u00eens\u0103 odat\u0103 ajuns sus, \u00ee\u021bi dai seama c\u0103 e un loc primitor. Intrat \u00een curtea mic\u0103, \u00eengrijit\u0103 \u0219i plin\u0103 de flori (unde mi\u0219un\u0103 agale pisici, una mai gras\u0103 ca alta:-) ) \u00ee\u021bi dai seama c\u0103 aici lucrurile se mi\u015fc\u0103 altfel \u0219i timpul se scurge parc\u0103 mai \u00eencet.<\/p>\n<p>Ctitorit\u0103 de Matei Basarab, biserica a fost ridicat\u0103 \u00eentre anii 1633-1636. Biserica, ce ad\u0103poste\u0219te \u0219i morm\u00e2ntul domnitorului, este mic\u0103, av\u00e2nd doar 14 metri lungime \u0219i este zidit\u0103 \u00een stil bizantin. La intrare, u\u0219a din lemn masiv de castan mai p\u0103streaz\u0103 inscrip\u021bia: \u201dAceste u\u015fi le-a f\u0103cut Constantin Br\u00e2ncoveanu vel logof\u0103t\u201d.<br \/>\n<span style=\"color: #c0c0c0;\"> &#8212;&#8212;&#8212;&#8212;&#8212;&#8212;&#8212;&#8212;&#8211;<br \/>\n<\/span><strong><span style=\"color: #c0c0c0;\">Vezi \u0219i:<\/span><br \/>\nExtern: <a href=\"http:\/\/maps.google.com\/?ie=UTF8&amp;ll=45.196335,24.04506&amp;spn=0.003183,0.010986&amp;t=h&amp;z=17\" target=\"_blank\">Harta<\/a>, <a href=\"http:\/\/www.crestinortodox.ro\/biserici-manastiri\/mitropolia-olteniei\/manastirea-arnota-68215.html\" target=\"_blank\">Cre\u0219tinortodox.ro &#8211; M\u0103n\u0103stirea Arnota<\/a><\/strong><\/p>\n","protected":false},"excerpt":{"rendered":"<p>Retras\u0103 pe un col\u021b de munte, mic\u0103 \u0219i relativ izolat\u0103, M\u0103n\u0103stirea Arnota face parte \u00eens\u0103 din categoria \u201dgreilor\u201d.\u00a0 La poalele Mun\u021bilor Buila, dar destul de sus ca s\u0103 se rup\u0103 [&hellip;]<\/p>\n","protected":false},"author":1,"featured_media":1295,"comment_status":"open","ping_status":"open","sticky":false,"template":"","format":"standard","meta":{"ngg_post_thumbnail":0,"jetpack_post_was_ever_published":false,"_jetpack_newsletter_access":"","_jetpack_dont_email_post_to_subs":false,"_jetpack_newsletter_tier_id":0,"_jetpack_memberships_contains_paywalled_content":false,"_jetpack_memberships_contains_paid_content":false,"footnotes":"","jetpack_publicize_message":"","jetpack_publicize_feature_enabled":true,"jetpack_social_post_already_shared":false,"jetpack_social_options":{"image_generator_settings":{"template":"highway","default_image_id":0,"font":"","enabled":false},"version":2}},"categories":[35],"tags":[57],"class_list":["post-1285","post","type-post","status-publish","format-standard","has-post-thumbnail","hentry","category-blog","tag-valcea"],"aioseo_notices":[],"jetpack_publicize_connections":[],"jetpack_featured_media_url":"https:\/\/i0.wp.com\/cartitaplimbareata.ro\/wp-content\/uploads\/0022_Manastirea-Arnota%40Toprural_201101008-e1343234478609.jpg?fit=792%2C528&ssl=1","jetpack_sharing_enabled":true,"jetpack_shortlink":"https:\/\/wp.me\/p65bIc-kJ","_links":{"self":[{"href":"https:\/\/cartitaplimbareata.ro\/index.php\/wp-json\/wp\/v2\/posts\/1285","targetHints":{"allow":["GET"]}}],"collection":[{"href":"https:\/\/cartitaplimbareata.ro\/index.php\/wp-json\/wp\/v2\/posts"}],"about":[{"href":"https:\/\/cartitaplimbareata.ro\/index.php\/wp-json\/wp\/v2\/types\/post"}],"author":[{"embeddable":true,"href":"https:\/\/cartitaplimbareata.ro\/index.php\/wp-json\/wp\/v2\/users\/1"}],"replies":[{"embeddable":true,"href":"https:\/\/cartitaplimbareata.ro\/index.php\/wp-json\/wp\/v2\/comments?post=1285"}],"version-history":[{"count":17,"href":"https:\/\/cartitaplimbareata.ro\/index.php\/wp-json\/wp\/v2\/posts\/1285\/revisions"}],"predecessor-version":[{"id":5698,"href":"https:\/\/cartitaplimbareata.ro\/index.php\/wp-json\/wp\/v2\/posts\/1285\/revisions\/5698"}],"wp:featuredmedia":[{"embeddable":true,"href":"https:\/\/cartitaplimbareata.ro\/index.php\/wp-json\/wp\/v2\/media\/1295"}],"wp:attachment":[{"href":"https:\/\/cartitaplimbareata.ro\/index.php\/wp-json\/wp\/v2\/media?parent=1285"}],"wp:term":[{"taxonomy":"category","embeddable":true,"href":"https:\/\/cartitaplimbareata.ro\/index.php\/wp-json\/wp\/v2\/categories?post=1285"},{"taxonomy":"post_tag","embeddable":true,"href":"https:\/\/cartitaplimbareata.ro\/index.php\/wp-json\/wp\/v2\/tags?post=1285"}],"curies":[{"name":"wp","href":"https:\/\/api.w.org\/{rel}","templated":true}]}}