{"id":2434,"date":"2011-04-01T16:15:16","date_gmt":"2011-04-01T16:15:16","guid":{"rendered":"http:\/\/toprural.ro\/?p=2434"},"modified":"2012-12-04T17:56:17","modified_gmt":"2012-12-04T17:56:17","slug":"turism-pe-paine","status":"publish","type":"post","link":"https:\/\/cartitaplimbareata.ro\/index.php\/2434\/turism-pe-paine\/","title":{"rendered":"T\u00e2rgul Na\u0163ional de Turism 2011\u2026 Ad\u0103 frunza aia, s\u0103 ne acoperim goliciunea"},"content":{"rendered":"<p><img data-recalc-dims=\"1\" loading=\"lazy\" decoding=\"async\" data-attachment-id=\"2435\" data-permalink=\"https:\/\/cartitaplimbareata.ro\/index.php\/2434\/turism-pe-paine\/targul-national-de-turism-romexpo-aprilie-2011\/\" data-orig-file=\"https:\/\/i0.wp.com\/cartitaplimbareata.ro\/wp-content\/uploads\/Blog_toprural_2011_04_01_Targul_national_de_turism_001.jpg?fit=600%2C450&amp;ssl=1\" data-orig-size=\"600,450\" data-comments-opened=\"1\" data-image-meta=\"{&quot;aperture&quot;:&quot;2.4&quot;,&quot;credit&quot;:&quot;www.ione.ro   www.toprural.ro&quot;,&quot;camera&quot;:&quot;E5-00&quot;,&quot;caption&quot;:&quot;&quot;,&quot;created_timestamp&quot;:&quot;1301672151&quot;,&quot;copyright&quot;:&quot;www.ione.ro   www.toprural.ro&quot;,&quot;focal_length&quot;:&quot;3.35&quot;,&quot;iso&quot;:&quot;200&quot;,&quot;shutter_speed&quot;:&quot;0.0285714285714&quot;,&quot;title&quot;:&quot;Targul National de Turism, Romexpo, aprilie 2011&quot;}\" data-image-title=\"Targul National de Turism, Romexpo, aprilie 2011\" data-image-description=\"\" data-image-caption=\"\" data-medium-file=\"https:\/\/i0.wp.com\/cartitaplimbareata.ro\/wp-content\/uploads\/Blog_toprural_2011_04_01_Targul_national_de_turism_001.jpg?fit=188%2C141&amp;ssl=1\" data-large-file=\"https:\/\/i0.wp.com\/cartitaplimbareata.ro\/wp-content\/uploads\/Blog_toprural_2011_04_01_Targul_national_de_turism_001.jpg?fit=494%2C370&amp;ssl=1\" class=\"alignleft size-full wp-image-2435\" title=\"Targul National de Turism, Romexpo, aprilie 2011\" src=\"https:\/\/i0.wp.com\/toprural.ro\/wp-content\/uploads\/Blog_toprural_2011_04_01_Targul_national_de_turism_001.jpg?resize=600%2C450\" alt=\"\" width=\"600\" height=\"450\" srcset=\"https:\/\/i0.wp.com\/cartitaplimbareata.ro\/wp-content\/uploads\/Blog_toprural_2011_04_01_Targul_national_de_turism_001.jpg?w=600&amp;ssl=1 600w, https:\/\/i0.wp.com\/cartitaplimbareata.ro\/wp-content\/uploads\/Blog_toprural_2011_04_01_Targul_national_de_turism_001.jpg?resize=188%2C141&amp;ssl=1 188w, https:\/\/i0.wp.com\/cartitaplimbareata.ro\/wp-content\/uploads\/Blog_toprural_2011_04_01_Targul_national_de_turism_001.jpg?resize=494%2C370&amp;ssl=1 494w\" sizes=\"auto, (max-width: 600px) 100vw, 600px\" \/><\/p>\n<p>Vineri 1 aprilie 2011.\u00a0Fiind prin zon\u0103 am zis s\u0103 bag o fis\u0103, a\u015fa, pe fug\u0103, la T\u00e2rgul Na\u0163ional de Turism, s\u0103 vad ce se mai \u00eent\u00e2mpl\u0103. \u015ei a meritat&#8230;pt c\u0103 &#8220;m-am r\u00e2s&#8221; bine de tot.<br \/>\nStai frumos la intrare \u015fi la picioarele tale, drept \u00een fa\u0163\u0103 se desf\u0103\u015foar\u0103 &#8220;Duelul&#8221;. Pababibam&#8230;<\/p>\n<p>\u00cen col\u0163ul din st\u00e2nga&#8230;..<strong>BULGARIAAAA<\/strong>&#8230;cu o gr\u0103mad\u0103 de oameni, cu birouri \u015fi biroua\u015fe, cu ceva agita\u0163ie, cu zeci de pliante pentru alte zeci de destina\u0163ii \u015fi obiective de vacan\u0163\u0103, de la golf \u015fi c\u0103l\u0103rie la ski \u015fi sporturi nautice, cu c\u00e2teva bulg\u0103roaice dr\u0103gu\u0163e, mai cu un crac, mai cu un decolteu, mai cu o englez\u0103 pe buze. Nimic nemaiv\u0103zut dar productiv \u015fi destul de atr\u0103g\u0103tor.<\/p>\n<p>\u00cen col\u0163ul din dreapta&#8230;&#8230;<strong>ROM\u00c2NIAAAAAA&#8230;<\/strong>cu&#8230;..cu&#8230;.frunzaaaaa. \u015ei at\u00e2t. Ce, nu ajunge? Pustiu de pustiu, dou\u0103-trei tipuri de materiale de promovare, \u00een\u015firate pe toat\u0103 lungimea standului, scaune goale, o plea\u015fc\u0103 de banner cu noua sigl\u0103 \u015fi dou\u0103-trei personaje sictirite.<\/p>\n<p>Oricum gagicile de la bulgari sunt facute zob de\u00a0mamaia noastr\u0103, tineric\u0103, pe la vreo 50-60 de prim\u0103veri, f\u0103cut\u0103 permanent \u015fi boit\u0103 at\u00e2t prost c\u00e2t \u015fi excesiv. \u015ei nu exagerez una din \u00eendeletnicirile ei era chiar s\u0103 se fardeze \u00een continuare&#8230;. Amabil\u0103, nu neg, imi poveste\u015fte c\u0103 pliantele disponibile sunt f\u0103cute pentru &#8220;extern&#8221;, pentru promovarea noastr\u0103 acolo&#8230;, afar\u0103. Nu am vrut s\u0103 insist, c\u0103 fac pariu c\u0103 dac\u0103 o repezea cineva cu o \u00eentrebare a\u015fa scurt\u0103 \u015fi la obiect, pac: &#8220;Ce pot s\u0103 v\u0103d \u00een Retezat?&#8221;&#8230;\u00eei c\u0103deau gogo\u015farii pe jos \u015fi o apuca b\u00e2lb\u00e2iala.<\/p>\n<p>Nu mai punem la socoteal\u0103 c\u0103 standurile Bulgariei, Turciei sau Ungariei sunt aproape duble ca suprafa\u0163\u0103 fiecare&#8230;\u015fi peste tot lumin\u0103, agita\u0163ie, materiale de calitate&#8230;\u00cen rest nimic deosebit&#8230;.mult\u0103 Grecie, Turcie&#8230;ceva Croa\u0163ie, Moldov\u0103, cam acelea\u015fi agen\u0163ii de turism mai mari.<\/p>\n<p>Interesante sunt \u00eens\u0103 cele c\u00e2teva destina\u0163ii promovate prin programul opera\u0163ional sectorial REGIO, cum ar fi Cetatea Alba Iulia, Bucovina (cu un program dedicat s\u0103rb\u0103torii de Pa\u015fte) sau sta\u0163iunea turistic\u0103 T\u0103\u015fnad, \u00eentr-un program dedicat dezvolt\u0103rii turismului balnear \u00e2n regiunea Nord-Vest.\u00a0Tot aici mai trebuie men\u0163ionate \u015fi ini\u0163iativa Consiliului Jude\u0163ean Hunedoara, cu un stand activ \u015fi bogat \u00een informa\u0163ii (Straja, Retezat, Geoagiu B\u0103i, tradi\u0163ii, produc\u0103tori locali de mezeluri etc.) \u015fi cele c\u00e2teva pensiuni care au investit \u00eentr-un stand propriu, ca Pensiunea Praid din&#8230;..Praid, sau Complexul Eden din Predeal.<\/p>\n<p>La capitolul <strong>Varz\u0103 c\u0103lit\u0103<\/strong> trebuie ad\u0103ugat standul CFR.<br \/>\nNu \u015ftiu de ce a trebuit s\u0103 participe la t\u00e2rg pt c\u0103 oricum \u00een standul de 2\/2 era o atmosfer\u0103 plin\u0103 de profesionalism&#8230;ziarul \u015fi salamul mai lipseau.<br \/>\nDar cine\u00a0\u015ftie&#8230;poate promoveaz\u0103 cursele spre mare, a\u015fa pe categorii&#8230;5, 7, 12 ore&#8230;s\u0103 ai de unde s\u0103 alegi.<\/p>\n<p><a rel=\"attachment wp-att-2436\" href=\"http:\/\/toprural.ro\/index.php\/2434\/turism-pe-paine\/targul-national-de-turism-romexpo-aprilie-2011-2\/\"><img data-recalc-dims=\"1\" loading=\"lazy\" decoding=\"async\" data-attachment-id=\"2436\" data-permalink=\"https:\/\/cartitaplimbareata.ro\/index.php\/2434\/turism-pe-paine\/targul-national-de-turism-romexpo-aprilie-2011-2\/\" data-orig-file=\"https:\/\/i0.wp.com\/cartitaplimbareata.ro\/wp-content\/uploads\/Blog_toprural_2011_04_01_Targul_national_de_turism_002.jpg?fit=600%2C450&amp;ssl=1\" data-orig-size=\"600,450\" data-comments-opened=\"1\" data-image-meta=\"{&quot;aperture&quot;:&quot;2.4&quot;,&quot;credit&quot;:&quot;www.ione.ro   www.toprural.ro&quot;,&quot;camera&quot;:&quot;E5-00&quot;,&quot;caption&quot;:&quot;&quot;,&quot;created_timestamp&quot;:&quot;1301673499&quot;,&quot;copyright&quot;:&quot;www.ione.ro   www.toprural.ro&quot;,&quot;focal_length&quot;:&quot;3.35&quot;,&quot;iso&quot;:&quot;177&quot;,&quot;shutter_speed&quot;:&quot;0.0285714285714&quot;,&quot;title&quot;:&quot;Targul National de Turism, Romexpo, aprilie 2011&quot;}\" data-image-title=\"Targul National de Turism, Romexpo, aprilie 2011\" data-image-description=\"\" data-image-caption=\"\" data-medium-file=\"https:\/\/i0.wp.com\/cartitaplimbareata.ro\/wp-content\/uploads\/Blog_toprural_2011_04_01_Targul_national_de_turism_002.jpg?fit=188%2C141&amp;ssl=1\" data-large-file=\"https:\/\/i0.wp.com\/cartitaplimbareata.ro\/wp-content\/uploads\/Blog_toprural_2011_04_01_Targul_national_de_turism_002.jpg?fit=494%2C370&amp;ssl=1\" class=\"alignleft size-full wp-image-2436\" title=\"Targul National de Turism, Romexpo, aprilie 2011\" src=\"https:\/\/i0.wp.com\/toprural.ro\/wp-content\/uploads\/Blog_toprural_2011_04_01_Targul_national_de_turism_002.jpg?resize=600%2C450\" alt=\"\" width=\"600\" height=\"450\" srcset=\"https:\/\/i0.wp.com\/cartitaplimbareata.ro\/wp-content\/uploads\/Blog_toprural_2011_04_01_Targul_national_de_turism_002.jpg?w=600&amp;ssl=1 600w, https:\/\/i0.wp.com\/cartitaplimbareata.ro\/wp-content\/uploads\/Blog_toprural_2011_04_01_Targul_national_de_turism_002.jpg?resize=188%2C141&amp;ssl=1 188w, https:\/\/i0.wp.com\/cartitaplimbareata.ro\/wp-content\/uploads\/Blog_toprural_2011_04_01_Targul_national_de_turism_002.jpg?resize=494%2C370&amp;ssl=1 494w\" sizes=\"auto, (max-width: 600px) 100vw, 600px\" \/><\/a><a rel=\"attachment wp-att-2439\" href=\"http:\/\/toprural.ro\/index.php\/2434\/turism-pe-paine\/targul-national-de-turism-romexpo-aprilie-2011-5\/\"><img data-recalc-dims=\"1\" loading=\"lazy\" decoding=\"async\" data-attachment-id=\"2439\" data-permalink=\"https:\/\/cartitaplimbareata.ro\/index.php\/2434\/turism-pe-paine\/targul-national-de-turism-romexpo-aprilie-2011-5\/\" data-orig-file=\"https:\/\/i0.wp.com\/cartitaplimbareata.ro\/wp-content\/uploads\/Blog_toprural_2011_04_01_Targul_national_de_turism_005.jpg?fit=600%2C450&amp;ssl=1\" data-orig-size=\"600,450\" data-comments-opened=\"1\" data-image-meta=\"{&quot;aperture&quot;:&quot;2.4&quot;,&quot;credit&quot;:&quot;www.ione.ro   www.toprural.ro&quot;,&quot;camera&quot;:&quot;E5-00&quot;,&quot;caption&quot;:&quot;&quot;,&quot;created_timestamp&quot;:&quot;1301674247&quot;,&quot;copyright&quot;:&quot;www.ione.ro   www.toprural.ro&quot;,&quot;focal_length&quot;:&quot;3.35&quot;,&quot;iso&quot;:&quot;177&quot;,&quot;shutter_speed&quot;:&quot;0.0285714285714&quot;,&quot;title&quot;:&quot;Targul National de Turism, Romexpo, aprilie 2011&quot;}\" data-image-title=\"Targul National de Turism, Romexpo, aprilie 2011\" data-image-description=\"\" data-image-caption=\"\" data-medium-file=\"https:\/\/i0.wp.com\/cartitaplimbareata.ro\/wp-content\/uploads\/Blog_toprural_2011_04_01_Targul_national_de_turism_005.jpg?fit=188%2C141&amp;ssl=1\" data-large-file=\"https:\/\/i0.wp.com\/cartitaplimbareata.ro\/wp-content\/uploads\/Blog_toprural_2011_04_01_Targul_national_de_turism_005.jpg?fit=494%2C370&amp;ssl=1\" class=\"alignleft size-full wp-image-2439\" title=\"Targul National de Turism, Romexpo, aprilie 2011\" src=\"https:\/\/i0.wp.com\/toprural.ro\/wp-content\/uploads\/Blog_toprural_2011_04_01_Targul_national_de_turism_005.jpg?resize=600%2C450\" alt=\"\" width=\"600\" height=\"450\" srcset=\"https:\/\/i0.wp.com\/cartitaplimbareata.ro\/wp-content\/uploads\/Blog_toprural_2011_04_01_Targul_national_de_turism_005.jpg?w=600&amp;ssl=1 600w, https:\/\/i0.wp.com\/cartitaplimbareata.ro\/wp-content\/uploads\/Blog_toprural_2011_04_01_Targul_national_de_turism_005.jpg?resize=188%2C141&amp;ssl=1 188w, https:\/\/i0.wp.com\/cartitaplimbareata.ro\/wp-content\/uploads\/Blog_toprural_2011_04_01_Targul_national_de_turism_005.jpg?resize=494%2C370&amp;ssl=1 494w\" sizes=\"auto, (max-width: 600px) 100vw, 600px\" \/><\/a><a rel=\"attachment wp-att-2438\" href=\"http:\/\/toprural.ro\/index.php\/2434\/turism-pe-paine\/targul-national-de-turism-romexpo-aprilie-2011-4\/\"><img data-recalc-dims=\"1\" loading=\"lazy\" decoding=\"async\" data-attachment-id=\"2438\" data-permalink=\"https:\/\/cartitaplimbareata.ro\/index.php\/2434\/turism-pe-paine\/targul-national-de-turism-romexpo-aprilie-2011-4\/\" data-orig-file=\"https:\/\/i0.wp.com\/cartitaplimbareata.ro\/wp-content\/uploads\/Blog_toprural_2011_04_01_Targul_national_de_turism_004.jpg?fit=600%2C450&amp;ssl=1\" data-orig-size=\"600,450\" data-comments-opened=\"1\" data-image-meta=\"{&quot;aperture&quot;:&quot;2.4&quot;,&quot;credit&quot;:&quot;www.ione.ro   www.toprural.ro&quot;,&quot;camera&quot;:&quot;E5-00&quot;,&quot;caption&quot;:&quot;&quot;,&quot;created_timestamp&quot;:&quot;1301674229&quot;,&quot;copyright&quot;:&quot;www.ione.ro   www.toprural.ro&quot;,&quot;focal_length&quot;:&quot;3.35&quot;,&quot;iso&quot;:&quot;160&quot;,&quot;shutter_speed&quot;:&quot;0.0285714285714&quot;,&quot;title&quot;:&quot;Targul National de Turism, Romexpo, aprilie 2011&quot;}\" data-image-title=\"Targul National de Turism, Romexpo, aprilie 2011\" data-image-description=\"\" data-image-caption=\"\" data-medium-file=\"https:\/\/i0.wp.com\/cartitaplimbareata.ro\/wp-content\/uploads\/Blog_toprural_2011_04_01_Targul_national_de_turism_004.jpg?fit=188%2C141&amp;ssl=1\" data-large-file=\"https:\/\/i0.wp.com\/cartitaplimbareata.ro\/wp-content\/uploads\/Blog_toprural_2011_04_01_Targul_national_de_turism_004.jpg?fit=494%2C370&amp;ssl=1\" class=\"alignleft size-full wp-image-2438\" title=\"Targul National de Turism, Romexpo, aprilie 2011\" src=\"https:\/\/i0.wp.com\/toprural.ro\/wp-content\/uploads\/Blog_toprural_2011_04_01_Targul_national_de_turism_004.jpg?resize=600%2C450\" alt=\"\" width=\"600\" height=\"450\" srcset=\"https:\/\/i0.wp.com\/cartitaplimbareata.ro\/wp-content\/uploads\/Blog_toprural_2011_04_01_Targul_national_de_turism_004.jpg?w=600&amp;ssl=1 600w, https:\/\/i0.wp.com\/cartitaplimbareata.ro\/wp-content\/uploads\/Blog_toprural_2011_04_01_Targul_national_de_turism_004.jpg?resize=188%2C141&amp;ssl=1 188w, https:\/\/i0.wp.com\/cartitaplimbareata.ro\/wp-content\/uploads\/Blog_toprural_2011_04_01_Targul_national_de_turism_004.jpg?resize=494%2C370&amp;ssl=1 494w\" sizes=\"auto, (max-width: 600px) 100vw, 600px\" \/><\/a><a rel=\"attachment wp-att-2437\" href=\"http:\/\/toprural.ro\/index.php\/2434\/turism-pe-paine\/targul-national-de-turism-romexpo-aprilie-2011-3\/\"><img data-recalc-dims=\"1\" loading=\"lazy\" decoding=\"async\" data-attachment-id=\"2437\" data-permalink=\"https:\/\/cartitaplimbareata.ro\/index.php\/2434\/turism-pe-paine\/targul-national-de-turism-romexpo-aprilie-2011-3\/\" data-orig-file=\"https:\/\/i0.wp.com\/cartitaplimbareata.ro\/wp-content\/uploads\/Blog_toprural_2011_04_01_Targul_national_de_turism_003.jpg?fit=600%2C450&amp;ssl=1\" data-orig-size=\"600,450\" data-comments-opened=\"1\" data-image-meta=\"{&quot;aperture&quot;:&quot;2.4&quot;,&quot;credit&quot;:&quot;www.ione.ro   www.toprural.ro&quot;,&quot;camera&quot;:&quot;E5-00&quot;,&quot;caption&quot;:&quot;&quot;,&quot;created_timestamp&quot;:&quot;1301673961&quot;,&quot;copyright&quot;:&quot;www.ione.ro   www.toprural.ro&quot;,&quot;focal_length&quot;:&quot;3.35&quot;,&quot;iso&quot;:&quot;400&quot;,&quot;shutter_speed&quot;:&quot;0.04&quot;,&quot;title&quot;:&quot;Targul National de Turism, Romexpo, aprilie 2011&quot;}\" data-image-title=\"Targul National de Turism, Romexpo, aprilie 2011\" data-image-description=\"\" data-image-caption=\"\" data-medium-file=\"https:\/\/i0.wp.com\/cartitaplimbareata.ro\/wp-content\/uploads\/Blog_toprural_2011_04_01_Targul_national_de_turism_003.jpg?fit=188%2C141&amp;ssl=1\" data-large-file=\"https:\/\/i0.wp.com\/cartitaplimbareata.ro\/wp-content\/uploads\/Blog_toprural_2011_04_01_Targul_national_de_turism_003.jpg?fit=494%2C370&amp;ssl=1\" class=\"alignleft size-full wp-image-2437\" title=\"Targul National de Turism, Romexpo, aprilie 2011\" src=\"https:\/\/i0.wp.com\/toprural.ro\/wp-content\/uploads\/Blog_toprural_2011_04_01_Targul_national_de_turism_003.jpg?resize=600%2C450\" alt=\"\" width=\"600\" height=\"450\" srcset=\"https:\/\/i0.wp.com\/cartitaplimbareata.ro\/wp-content\/uploads\/Blog_toprural_2011_04_01_Targul_national_de_turism_003.jpg?w=600&amp;ssl=1 600w, https:\/\/i0.wp.com\/cartitaplimbareata.ro\/wp-content\/uploads\/Blog_toprural_2011_04_01_Targul_national_de_turism_003.jpg?resize=188%2C141&amp;ssl=1 188w, https:\/\/i0.wp.com\/cartitaplimbareata.ro\/wp-content\/uploads\/Blog_toprural_2011_04_01_Targul_national_de_turism_003.jpg?resize=494%2C370&amp;ssl=1 494w\" sizes=\"auto, (max-width: 600px) 100vw, 600px\" \/><\/a><\/p>\n","protected":false},"excerpt":{"rendered":"<p>Vineri 1 aprilie 2011.\u00a0Fiind prin zon\u0103 am zis s\u0103 bag o fis\u0103, a\u015fa, pe fug\u0103, la T\u00e2rgul Na\u0163ional de Turism, s\u0103 vad ce se mai \u00eent\u00e2mpl\u0103. \u015ei a meritat&#8230;pt c\u0103 [&hellip;]<\/p>\n","protected":false},"author":1,"featured_media":0,"comment_status":"open","ping_status":"open","sticky":false,"template":"","format":"standard","meta":{"ngg_post_thumbnail":0,"jetpack_post_was_ever_published":false,"_jetpack_newsletter_access":"","_jetpack_dont_email_post_to_subs":false,"_jetpack_newsletter_tier_id":0,"_jetpack_memberships_contains_paywalled_content":false,"_jetpack_memberships_contains_paid_content":false,"footnotes":"","jetpack_publicize_message":"","jetpack_publicize_feature_enabled":true,"jetpack_social_post_already_shared":false,"jetpack_social_options":{"image_generator_settings":{"template":"highway","default_image_id":0,"font":"","enabled":false},"version":2}},"categories":[35],"tags":[],"class_list":["post-2434","post","type-post","status-publish","format-standard","hentry","category-blog"],"aioseo_notices":[],"jetpack_publicize_connections":[],"jetpack_featured_media_url":"","jetpack_sharing_enabled":true,"jetpack_shortlink":"https:\/\/wp.me\/p65bIc-Dg","_links":{"self":[{"href":"https:\/\/cartitaplimbareata.ro\/index.php\/wp-json\/wp\/v2\/posts\/2434","targetHints":{"allow":["GET"]}}],"collection":[{"href":"https:\/\/cartitaplimbareata.ro\/index.php\/wp-json\/wp\/v2\/posts"}],"about":[{"href":"https:\/\/cartitaplimbareata.ro\/index.php\/wp-json\/wp\/v2\/types\/post"}],"author":[{"embeddable":true,"href":"https:\/\/cartitaplimbareata.ro\/index.php\/wp-json\/wp\/v2\/users\/1"}],"replies":[{"embeddable":true,"href":"https:\/\/cartitaplimbareata.ro\/index.php\/wp-json\/wp\/v2\/comments?post=2434"}],"version-history":[{"count":22,"href":"https:\/\/cartitaplimbareata.ro\/index.php\/wp-json\/wp\/v2\/posts\/2434\/revisions"}],"predecessor-version":[{"id":5502,"href":"https:\/\/cartitaplimbareata.ro\/index.php\/wp-json\/wp\/v2\/posts\/2434\/revisions\/5502"}],"wp:attachment":[{"href":"https:\/\/cartitaplimbareata.ro\/index.php\/wp-json\/wp\/v2\/media?parent=2434"}],"wp:term":[{"taxonomy":"category","embeddable":true,"href":"https:\/\/cartitaplimbareata.ro\/index.php\/wp-json\/wp\/v2\/categories?post=2434"},{"taxonomy":"post_tag","embeddable":true,"href":"https:\/\/cartitaplimbareata.ro\/index.php\/wp-json\/wp\/v2\/tags?post=2434"}],"curies":[{"name":"wp","href":"https:\/\/api.w.org\/{rel}","templated":true}]}}