{"id":2525,"date":"2011-04-15T09:49:33","date_gmt":"2011-04-15T09:49:33","guid":{"rendered":"http:\/\/toprural.ro\/?p=2525"},"modified":"2012-12-04T17:56:02","modified_gmt":"2012-12-04T17:56:02","slug":"incepe-simfonia-la-pitesti","status":"publish","type":"post","link":"https:\/\/cartitaplimbareata.ro\/index.php\/2525\/incepe-simfonia-la-pitesti\/","title":{"rendered":"\u00cencepe Simfonia la Pite\u015fti!!"},"content":{"rendered":"<p><!-- \t\t@page { margin: 0.79in } \t\tP { margin-bottom: 0.08in } --><a rel=\"attachment wp-att-2528\" href=\"http:\/\/toprural.ro\/index.php\/2525\/incepe-simfonia-la-pitesti\/afis-pitesti\/\"><img data-recalc-dims=\"1\" loading=\"lazy\" decoding=\"async\" data-attachment-id=\"2528\" data-permalink=\"https:\/\/cartitaplimbareata.ro\/index.php\/2525\/incepe-simfonia-la-pitesti\/afis-pitesti\/\" data-orig-file=\"https:\/\/i0.wp.com\/cartitaplimbareata.ro\/wp-content\/uploads\/afis-pitesti.jpg?fit=211%2C300&amp;ssl=1\" data-orig-size=\"211,300\" data-comments-opened=\"1\" data-image-meta=\"{&quot;aperture&quot;:&quot;0&quot;,&quot;credit&quot;:&quot;&quot;,&quot;camera&quot;:&quot;&quot;,&quot;caption&quot;:&quot;&quot;,&quot;created_timestamp&quot;:&quot;0&quot;,&quot;copyright&quot;:&quot;&quot;,&quot;focal_length&quot;:&quot;0&quot;,&quot;iso&quot;:&quot;0&quot;,&quot;shutter_speed&quot;:&quot;0&quot;,&quot;title&quot;:&quot;&quot;}\" data-image-title=\"afis pitesti\" data-image-description=\"\" data-image-caption=\"\" data-medium-file=\"https:\/\/i0.wp.com\/cartitaplimbareata.ro\/wp-content\/uploads\/afis-pitesti.jpg?fit=132%2C188&amp;ssl=1\" data-large-file=\"https:\/\/i0.wp.com\/cartitaplimbareata.ro\/wp-content\/uploads\/afis-pitesti.jpg?fit=211%2C300&amp;ssl=1\" class=\"alignleft size-full wp-image-2528\" title=\"afis pitesti\" src=\"https:\/\/i0.wp.com\/toprural.ro\/wp-content\/uploads\/afis-pitesti.jpg?resize=211%2C300\" alt=\"\" width=\"211\" height=\"300\" srcset=\"https:\/\/i0.wp.com\/cartitaplimbareata.ro\/wp-content\/uploads\/afis-pitesti.jpg?w=211&amp;ssl=1 211w, https:\/\/i0.wp.com\/cartitaplimbareata.ro\/wp-content\/uploads\/afis-pitesti.jpg?resize=132%2C188&amp;ssl=1 132w\" sizes=\"auto, (max-width: 211px) 100vw, 211px\" \/><\/a>Azi 15 Aprilie, la ora 11.00, \u00eencepe s\u0103rb\u0103toarea la Pite\u0219ti, adic\u0103 cea de-a 34-a edi\u021bie a Simfoniei Lalelelor. Concerte (printre care \u015fi Phoenix), t\u00e2rg de flori \u00een aer liber, Parada Florilor, foc de artificii, spectacolul de lumin\u0103 \u0219i sunet al f\u00e2nt\u00e2nii arteziene din fa\u021ba Prim\u0103riei&#8230; toate \u00een acest weekend. Nu va face\u021bi griji, dac\u0103 nu reu\u0219i\u021bi s\u0103 ajunge\u021bi acum de Florii, av\u00e2nd \u00een vedere vremea, mai mult ca sigur lalelele o s\u0103 fie \u00eenflorite \u015fi de Pa\u0219te, \u00eentruc\u00e2t prim\u0103vara este pu\u021bin \u00eent\u00e2rziat\u0103. Ne vedem acolo \ud83d\ude42<\/p>\n<p><!-- \t\t@page { margin: 0.79in } \t\tP { margin-bottom: 0.08in } --><strong><span style=\"color: #c0c0c0;\">&#8212;&#8212;&#8212;&#8212;&#8212;&#8212;&#8212;&#8212;&#8212;-<br \/>\nVezi \u015fi:<\/span><br \/>\nToprural-De v\u0103zut, de f\u0103cut:\u00a0<a href=\"http:\/\/toprural.ro\/index.php\/977\/festivalul-lalelelor-pitesti\/\" target=\"_blank\">Simfonia Lalelelor, Pite\u015fti<\/a><\/strong><\/p>\n<p><strong><br \/>\n<\/strong><\/p>\n","protected":false},"excerpt":{"rendered":"<p>Azi 15 Aprilie, la ora 11.00, \u00eencepe s\u0103rb\u0103toarea la Pite\u0219ti, adic\u0103 cea de-a 34-a edi\u021bie a Simfoniei Lalelelor. Concerte (printre care \u015fi Phoenix), t\u00e2rg de flori \u00een aer liber, Parada [&hellip;]<\/p>\n","protected":false},"author":1,"featured_media":2528,"comment_status":"open","ping_status":"open","sticky":false,"template":"","format":"standard","meta":{"ngg_post_thumbnail":0,"jetpack_post_was_ever_published":false,"_jetpack_newsletter_access":"","_jetpack_dont_email_post_to_subs":false,"_jetpack_newsletter_tier_id":0,"_jetpack_memberships_contains_paywalled_content":false,"_jetpack_memberships_contains_paid_content":false,"footnotes":"","jetpack_publicize_message":"","jetpack_publicize_feature_enabled":true,"jetpack_social_post_already_shared":false,"jetpack_social_options":{"image_generator_settings":{"template":"highway","default_image_id":0,"font":"","enabled":false},"version":2}},"categories":[35],"tags":[],"class_list":["post-2525","post","type-post","status-publish","format-standard","has-post-thumbnail","hentry","category-blog"],"aioseo_notices":[],"jetpack_publicize_connections":[],"jetpack_featured_media_url":"https:\/\/i0.wp.com\/cartitaplimbareata.ro\/wp-content\/uploads\/afis-pitesti.jpg?fit=211%2C300&ssl=1","jetpack_sharing_enabled":true,"jetpack_shortlink":"https:\/\/wp.me\/p65bIc-EJ","_links":{"self":[{"href":"https:\/\/cartitaplimbareata.ro\/index.php\/wp-json\/wp\/v2\/posts\/2525","targetHints":{"allow":["GET"]}}],"collection":[{"href":"https:\/\/cartitaplimbareata.ro\/index.php\/wp-json\/wp\/v2\/posts"}],"about":[{"href":"https:\/\/cartitaplimbareata.ro\/index.php\/wp-json\/wp\/v2\/types\/post"}],"author":[{"embeddable":true,"href":"https:\/\/cartitaplimbareata.ro\/index.php\/wp-json\/wp\/v2\/users\/1"}],"replies":[{"embeddable":true,"href":"https:\/\/cartitaplimbareata.ro\/index.php\/wp-json\/wp\/v2\/comments?post=2525"}],"version-history":[{"count":17,"href":"https:\/\/cartitaplimbareata.ro\/index.php\/wp-json\/wp\/v2\/posts\/2525\/revisions"}],"predecessor-version":[{"id":5499,"href":"https:\/\/cartitaplimbareata.ro\/index.php\/wp-json\/wp\/v2\/posts\/2525\/revisions\/5499"}],"wp:featuredmedia":[{"embeddable":true,"href":"https:\/\/cartitaplimbareata.ro\/index.php\/wp-json\/wp\/v2\/media\/2528"}],"wp:attachment":[{"href":"https:\/\/cartitaplimbareata.ro\/index.php\/wp-json\/wp\/v2\/media?parent=2525"}],"wp:term":[{"taxonomy":"category","embeddable":true,"href":"https:\/\/cartitaplimbareata.ro\/index.php\/wp-json\/wp\/v2\/categories?post=2525"},{"taxonomy":"post_tag","embeddable":true,"href":"https:\/\/cartitaplimbareata.ro\/index.php\/wp-json\/wp\/v2\/tags?post=2525"}],"curies":[{"name":"wp","href":"https:\/\/api.w.org\/{rel}","templated":true}]}}