{"id":3674,"date":"2011-11-30T10:21:07","date_gmt":"2011-11-30T10:21:07","guid":{"rendered":"http:\/\/cartitaplimbareata.ro\/?p=3674"},"modified":"2020-04-15T07:26:41","modified_gmt":"2020-04-15T07:26:41","slug":"1-decembrie-parada-militara","status":"publish","type":"post","link":"https:\/\/cartitaplimbareata.ro\/index.php\/3674\/1-decembrie-parada-militara\/","title":{"rendered":"1 Decembrie &#8211; Parada Militar\u0103"},"content":{"rendered":"<p>\u00cen sf\u00e2r\u015fit o zi de 1 Decembrie frumoas\u0103. Cel pu\u0163in, dac\u0103 ne lu\u0103m dup\u0103 cei de la meteo, a\u015fa ar trebui s\u0103 fie.<br \/>\n\u015ei chiar dac\u0103 ar fi fost vremea ur\u00e2t\u0103, ca \u00een anii trecu\u0163i, tot nu trebuie s\u0103 l\u0103s\u0103m ziua asta s\u0103 treac\u0103 a\u015fa u\u015for. Trebuie tr\u0103it\u0103 ca o s\u0103rb\u0103toare adev\u0103rat\u0103 \u015fi depinde doar de noi s\u0103 o scoatem din m\u00e2zga pe care ne-am obi\u015fnuit s\u0103 alunec\u0103m zi de zi.<\/p>\n<p><a href=\"https:\/\/i0.wp.com\/cartitaplimbareata.ro\/wp-content\/uploads\/cartitaplimbareata.ro_1_Decembrie_parada_militara_Bucuresti001.jpg\" data-rel=\"lightbox-image-0\" data-rl_title=\"\" data-rl_caption=\"\" title=\"\"><img data-recalc-dims=\"1\" loading=\"lazy\" decoding=\"async\" data-attachment-id=\"3675\" data-permalink=\"https:\/\/cartitaplimbareata.ro\/index.php\/3674\/1-decembrie-parada-militara\/1-decembrie_parada-militara\/\" data-orig-file=\"https:\/\/i0.wp.com\/cartitaplimbareata.ro\/wp-content\/uploads\/cartitaplimbareata.ro_1_Decembrie_parada_militara_Bucuresti001.jpg?fit=792%2C528&amp;ssl=1\" data-orig-size=\"792,528\" data-comments-opened=\"1\" data-image-meta=\"{&quot;aperture&quot;:&quot;2.8&quot;,&quot;credit&quot;:&quot;unknown&quot;,&quot;camera&quot;:&quot;Canon EOS 350D DIGITAL&quot;,&quot;caption&quot;:&quot;&quot;,&quot;created_timestamp&quot;:&quot;1228133567&quot;,&quot;copyright&quot;:&quot;www.ione.ro  www.cartitaplimbareata.ro&quot;,&quot;focal_length&quot;:&quot;70&quot;,&quot;iso&quot;:&quot;400&quot;,&quot;shutter_speed&quot;:&quot;0.003125&quot;,&quot;title&quot;:&quot;1 Decembrie_Parada Militara&quot;}\" data-image-title=\"1 Decembrie_Parada Militara\" data-image-description=\"\" data-image-caption=\"\" data-medium-file=\"https:\/\/i0.wp.com\/cartitaplimbareata.ro\/wp-content\/uploads\/cartitaplimbareata.ro_1_Decembrie_parada_militara_Bucuresti001.jpg?fit=188%2C125&amp;ssl=1\" data-large-file=\"https:\/\/i0.wp.com\/cartitaplimbareata.ro\/wp-content\/uploads\/cartitaplimbareata.ro_1_Decembrie_parada_militara_Bucuresti001.jpg?fit=494%2C329&amp;ssl=1\" class=\"aligncenter size-full wp-image-3675\" src=\"https:\/\/i0.wp.com\/cartitaplimbareata.ro\/wp-content\/uploads\/cartitaplimbareata.ro_1_Decembrie_parada_militara_Bucuresti001.jpg?resize=792%2C528\" alt=\"1 Decembrie_Parada Militara\" width=\"792\" height=\"528\" srcset=\"https:\/\/i0.wp.com\/cartitaplimbareata.ro\/wp-content\/uploads\/cartitaplimbareata.ro_1_Decembrie_parada_militara_Bucuresti001.jpg?w=792&amp;ssl=1 792w, https:\/\/i0.wp.com\/cartitaplimbareata.ro\/wp-content\/uploads\/cartitaplimbareata.ro_1_Decembrie_parada_militara_Bucuresti001.jpg?resize=188%2C125&amp;ssl=1 188w, https:\/\/i0.wp.com\/cartitaplimbareata.ro\/wp-content\/uploads\/cartitaplimbareata.ro_1_Decembrie_parada_militara_Bucuresti001.jpg?resize=494%2C329&amp;ssl=1 494w\" sizes=\"auto, (max-width: 792px) 100vw, 792px\" \/><\/a><br \/>\nMul\u0163i spun c\u0103 dac\u0103 am avea \u015fi noi, ca al\u0163ii, ziua na\u0163ional\u0103 prin var\u0103, ar fi altceva: tradi\u0163ionalul mic s-ar \u00eemp\u0103ca foarte bine cu o ie\u015fire la iarb\u0103 verde, \u015fi atunci lucrurile ar fi cu totul altfel. Dar hai s\u0103 fim serio\u015fi, c\u0103 nici bunicu&#8217; nu a luptat pe front cu cocktailul \u00een m\u00e2n\u0103, la fel cum nici rezisten\u0163a anticomunist\u0103 din mun\u0163i nu st\u0103tea iarna s\u0103 se dea cu placa \u015fi s\u0103 bea un vin fiert la caban\u0103. \u015ei dup\u0103 cate \u015ftiu nici la Sighet ori Aiud nu st\u0103teau la c\u0103lduric\u0103, c\u0103 de, nu aveau \u00eencalzire centralizat\u0103 pe vremea aia. Pentru ei to\u0163i trebuie s\u0103 ne bucur\u0103m \u015fi ei s\u0103 se bucure prin noi.<\/p>\n<p>A\u015fa c\u0103 &#8220;pune m\u00e2na&#8221; pe un tricolor \u015fi hai s\u0103 ne bucur\u0103m de ziua asta de 1 Decembrie, m\u00e2ine, pe Kiseleff, la Arcul de Triumf.<\/p>\n<p>Hai La Mul\u0163i Ani !<\/p>\n<p><a href=\"https:\/\/i0.wp.com\/cartitaplimbareata.ro\/wp-content\/uploads\/cartitaplimbareata.ro_1_Decembrie_parada_militara_Bucuresti004.jpg\" data-rel=\"lightbox-image-1\" data-rl_title=\"\" data-rl_caption=\"\" title=\"\"><img data-recalc-dims=\"1\" loading=\"lazy\" decoding=\"async\" data-attachment-id=\"3677\" data-permalink=\"https:\/\/cartitaplimbareata.ro\/index.php\/3674\/1-decembrie-parada-militara\/1-decembrie_parada-militara-3\/\" data-orig-file=\"https:\/\/i0.wp.com\/cartitaplimbareata.ro\/wp-content\/uploads\/cartitaplimbareata.ro_1_Decembrie_parada_militara_Bucuresti004.jpg?fit=792%2C528&amp;ssl=1\" data-orig-size=\"792,528\" data-comments-opened=\"1\" data-image-meta=\"{&quot;aperture&quot;:&quot;8&quot;,&quot;credit&quot;:&quot;unknown&quot;,&quot;camera&quot;:&quot;Canon EOS 350D DIGITAL&quot;,&quot;caption&quot;:&quot;&quot;,&quot;created_timestamp&quot;:&quot;1228134860&quot;,&quot;copyright&quot;:&quot;www.ione.ro  www.cartitaplimbareata.ro&quot;,&quot;focal_length&quot;:&quot;17&quot;,&quot;iso&quot;:&quot;800&quot;,&quot;shutter_speed&quot;:&quot;0.00625&quot;,&quot;title&quot;:&quot;1 Decembrie_Parada Militara&quot;}\" data-image-title=\"1 Decembrie_Parada Militara\" data-image-description=\"\" data-image-caption=\"\" data-medium-file=\"https:\/\/i0.wp.com\/cartitaplimbareata.ro\/wp-content\/uploads\/cartitaplimbareata.ro_1_Decembrie_parada_militara_Bucuresti004.jpg?fit=188%2C125&amp;ssl=1\" data-large-file=\"https:\/\/i0.wp.com\/cartitaplimbareata.ro\/wp-content\/uploads\/cartitaplimbareata.ro_1_Decembrie_parada_militara_Bucuresti004.jpg?fit=494%2C329&amp;ssl=1\" class=\"aligncenter size-full wp-image-3677\" src=\"https:\/\/i0.wp.com\/cartitaplimbareata.ro\/wp-content\/uploads\/cartitaplimbareata.ro_1_Decembrie_parada_militara_Bucuresti004.jpg?resize=792%2C528\" alt=\"1 Decembrie_Parada Militara\" width=\"792\" height=\"528\" srcset=\"https:\/\/i0.wp.com\/cartitaplimbareata.ro\/wp-content\/uploads\/cartitaplimbareata.ro_1_Decembrie_parada_militara_Bucuresti004.jpg?w=792&amp;ssl=1 792w, https:\/\/i0.wp.com\/cartitaplimbareata.ro\/wp-content\/uploads\/cartitaplimbareata.ro_1_Decembrie_parada_militara_Bucuresti004.jpg?resize=188%2C125&amp;ssl=1 188w, https:\/\/i0.wp.com\/cartitaplimbareata.ro\/wp-content\/uploads\/cartitaplimbareata.ro_1_Decembrie_parada_militara_Bucuresti004.jpg?resize=494%2C329&amp;ssl=1 494w\" sizes=\"auto, (max-width: 792px) 100vw, 792px\" \/><\/a><\/p>\n<p><a href=\"https:\/\/i0.wp.com\/cartitaplimbareata.ro\/wp-content\/uploads\/cartitaplimbareata.ro_1_Decembrie_parada_militara_Bucuresti017.jpg\" data-rel=\"lightbox-image-2\" data-rl_title=\"\" data-rl_caption=\"\" title=\"\"><img data-recalc-dims=\"1\" loading=\"lazy\" decoding=\"async\" data-attachment-id=\"3687\" data-permalink=\"https:\/\/cartitaplimbareata.ro\/index.php\/3674\/1-decembrie-parada-militara\/1-decembrie_parada-militara-13\/\" data-orig-file=\"https:\/\/i0.wp.com\/cartitaplimbareata.ro\/wp-content\/uploads\/cartitaplimbareata.ro_1_Decembrie_parada_militara_Bucuresti017.jpg?fit=792%2C528&amp;ssl=1\" data-orig-size=\"792,528\" data-comments-opened=\"1\" data-image-meta=\"{&quot;aperture&quot;:&quot;4.5&quot;,&quot;credit&quot;:&quot;unknown&quot;,&quot;camera&quot;:&quot;Canon EOS 350D DIGITAL&quot;,&quot;caption&quot;:&quot;&quot;,&quot;created_timestamp&quot;:&quot;1291208642&quot;,&quot;copyright&quot;:&quot;www.ione.ro  www.cartitaplimbareata.ro&quot;,&quot;focal_length&quot;:&quot;50&quot;,&quot;iso&quot;:&quot;800&quot;,&quot;shutter_speed&quot;:&quot;0.008&quot;,&quot;title&quot;:&quot;1 Decembrie_Parada Militara&quot;}\" data-image-title=\"1 Decembrie_Parada Militara\" data-image-description=\"\" data-image-caption=\"\" data-medium-file=\"https:\/\/i0.wp.com\/cartitaplimbareata.ro\/wp-content\/uploads\/cartitaplimbareata.ro_1_Decembrie_parada_militara_Bucuresti017.jpg?fit=188%2C125&amp;ssl=1\" data-large-file=\"https:\/\/i0.wp.com\/cartitaplimbareata.ro\/wp-content\/uploads\/cartitaplimbareata.ro_1_Decembrie_parada_militara_Bucuresti017.jpg?fit=494%2C329&amp;ssl=1\" class=\"aligncenter size-full wp-image-3687\" src=\"https:\/\/i0.wp.com\/cartitaplimbareata.ro\/wp-content\/uploads\/cartitaplimbareata.ro_1_Decembrie_parada_militara_Bucuresti017.jpg?resize=792%2C528\" alt=\"1 Decembrie_Parada Militara\" width=\"792\" height=\"528\" srcset=\"https:\/\/i0.wp.com\/cartitaplimbareata.ro\/wp-content\/uploads\/cartitaplimbareata.ro_1_Decembrie_parada_militara_Bucuresti017.jpg?w=792&amp;ssl=1 792w, https:\/\/i0.wp.com\/cartitaplimbareata.ro\/wp-content\/uploads\/cartitaplimbareata.ro_1_Decembrie_parada_militara_Bucuresti017.jpg?resize=188%2C125&amp;ssl=1 188w, https:\/\/i0.wp.com\/cartitaplimbareata.ro\/wp-content\/uploads\/cartitaplimbareata.ro_1_Decembrie_parada_militara_Bucuresti017.jpg?resize=494%2C329&amp;ssl=1 494w\" sizes=\"auto, (max-width: 792px) 100vw, 792px\" \/><\/a><\/p>\n<p><a href=\"https:\/\/i0.wp.com\/cartitaplimbareata.ro\/wp-content\/uploads\/cartitaplimbareata.ro_1_Decembrie_parada_militara_Bucuresti002.jpg\" data-rel=\"lightbox-image-3\" data-rl_title=\"\" data-rl_caption=\"\" title=\"\"><img data-recalc-dims=\"1\" loading=\"lazy\" decoding=\"async\" data-attachment-id=\"3676\" data-permalink=\"https:\/\/cartitaplimbareata.ro\/index.php\/3674\/1-decembrie-parada-militara\/1-decembrie_parada-militara-2\/\" data-orig-file=\"https:\/\/i0.wp.com\/cartitaplimbareata.ro\/wp-content\/uploads\/cartitaplimbareata.ro_1_Decembrie_parada_militara_Bucuresti002.jpg?fit=792%2C528&amp;ssl=1\" data-orig-size=\"792,528\" data-comments-opened=\"1\" data-image-meta=\"{&quot;aperture&quot;:&quot;4.5&quot;,&quot;credit&quot;:&quot;unknown&quot;,&quot;camera&quot;:&quot;Canon EOS 350D DIGITAL&quot;,&quot;caption&quot;:&quot;&quot;,&quot;created_timestamp&quot;:&quot;1228133911&quot;,&quot;copyright&quot;:&quot;www.ione.ro  www.cartitaplimbareata.ro&quot;,&quot;focal_length&quot;:&quot;76&quot;,&quot;iso&quot;:&quot;400&quot;,&quot;shutter_speed&quot;:&quot;0.003125&quot;,&quot;title&quot;:&quot;1 Decembrie_Parada Militara&quot;}\" data-image-title=\"1 Decembrie_Parada Militara\" data-image-description=\"\" data-image-caption=\"\" data-medium-file=\"https:\/\/i0.wp.com\/cartitaplimbareata.ro\/wp-content\/uploads\/cartitaplimbareata.ro_1_Decembrie_parada_militara_Bucuresti002.jpg?fit=188%2C125&amp;ssl=1\" data-large-file=\"https:\/\/i0.wp.com\/cartitaplimbareata.ro\/wp-content\/uploads\/cartitaplimbareata.ro_1_Decembrie_parada_militara_Bucuresti002.jpg?fit=494%2C329&amp;ssl=1\" class=\"aligncenter size-full wp-image-3676\" src=\"https:\/\/i0.wp.com\/cartitaplimbareata.ro\/wp-content\/uploads\/cartitaplimbareata.ro_1_Decembrie_parada_militara_Bucuresti002.jpg?resize=792%2C528\" alt=\"1 Decembrie_Parada Militara\" width=\"792\" height=\"528\" srcset=\"https:\/\/i0.wp.com\/cartitaplimbareata.ro\/wp-content\/uploads\/cartitaplimbareata.ro_1_Decembrie_parada_militara_Bucuresti002.jpg?w=792&amp;ssl=1 792w, https:\/\/i0.wp.com\/cartitaplimbareata.ro\/wp-content\/uploads\/cartitaplimbareata.ro_1_Decembrie_parada_militara_Bucuresti002.jpg?resize=188%2C125&amp;ssl=1 188w, https:\/\/i0.wp.com\/cartitaplimbareata.ro\/wp-content\/uploads\/cartitaplimbareata.ro_1_Decembrie_parada_militara_Bucuresti002.jpg?resize=494%2C329&amp;ssl=1 494w\" sizes=\"auto, (max-width: 792px) 100vw, 792px\" \/><\/a><\/p>\n<p><a href=\"https:\/\/i0.wp.com\/cartitaplimbareata.ro\/wp-content\/uploads\/cartitaplimbareata.ro_1_Decembrie_parada_militara_Bucuresti016.jpg\" data-rel=\"lightbox-image-4\" data-rl_title=\"\" data-rl_caption=\"\" title=\"\"><img data-recalc-dims=\"1\" loading=\"lazy\" decoding=\"async\" data-attachment-id=\"3686\" data-permalink=\"https:\/\/cartitaplimbareata.ro\/index.php\/3674\/1-decembrie-parada-militara\/1-decembrie_parada-militara-12\/\" data-orig-file=\"https:\/\/i0.wp.com\/cartitaplimbareata.ro\/wp-content\/uploads\/cartitaplimbareata.ro_1_Decembrie_parada_militara_Bucuresti016.jpg?fit=792%2C528&amp;ssl=1\" data-orig-size=\"792,528\" data-comments-opened=\"1\" data-image-meta=\"{&quot;aperture&quot;:&quot;4.5&quot;,&quot;credit&quot;:&quot;unknown&quot;,&quot;camera&quot;:&quot;Canon EOS 350D DIGITAL&quot;,&quot;caption&quot;:&quot;&quot;,&quot;created_timestamp&quot;:&quot;1291208564&quot;,&quot;copyright&quot;:&quot;www.ione.ro  www.cartitaplimbareata.ro&quot;,&quot;focal_length&quot;:&quot;50&quot;,&quot;iso&quot;:&quot;800&quot;,&quot;shutter_speed&quot;:&quot;0.004&quot;,&quot;title&quot;:&quot;1 Decembrie_Parada Militara&quot;}\" data-image-title=\"1 Decembrie_Parada Militara\" data-image-description=\"\" data-image-caption=\"\" data-medium-file=\"https:\/\/i0.wp.com\/cartitaplimbareata.ro\/wp-content\/uploads\/cartitaplimbareata.ro_1_Decembrie_parada_militara_Bucuresti016.jpg?fit=188%2C125&amp;ssl=1\" data-large-file=\"https:\/\/i0.wp.com\/cartitaplimbareata.ro\/wp-content\/uploads\/cartitaplimbareata.ro_1_Decembrie_parada_militara_Bucuresti016.jpg?fit=494%2C329&amp;ssl=1\" class=\"aligncenter size-full wp-image-3686\" src=\"https:\/\/i0.wp.com\/cartitaplimbareata.ro\/wp-content\/uploads\/cartitaplimbareata.ro_1_Decembrie_parada_militara_Bucuresti016.jpg?resize=792%2C528\" alt=\"1 Decembrie_Parada Militara\" width=\"792\" height=\"528\" srcset=\"https:\/\/i0.wp.com\/cartitaplimbareata.ro\/wp-content\/uploads\/cartitaplimbareata.ro_1_Decembrie_parada_militara_Bucuresti016.jpg?w=792&amp;ssl=1 792w, https:\/\/i0.wp.com\/cartitaplimbareata.ro\/wp-content\/uploads\/cartitaplimbareata.ro_1_Decembrie_parada_militara_Bucuresti016.jpg?resize=188%2C125&amp;ssl=1 188w, https:\/\/i0.wp.com\/cartitaplimbareata.ro\/wp-content\/uploads\/cartitaplimbareata.ro_1_Decembrie_parada_militara_Bucuresti016.jpg?resize=494%2C329&amp;ssl=1 494w\" sizes=\"auto, (max-width: 792px) 100vw, 792px\" \/><\/a><\/p>\n<p><a href=\"https:\/\/i0.wp.com\/cartitaplimbareata.ro\/wp-content\/uploads\/cartitaplimbareata.ro_1_Decembrie_parada_militara_Bucuresti012.jpg\" data-rel=\"lightbox-image-5\" data-rl_title=\"\" data-rl_caption=\"\" title=\"\"><img data-recalc-dims=\"1\" loading=\"lazy\" decoding=\"async\" data-attachment-id=\"3683\" data-permalink=\"https:\/\/cartitaplimbareata.ro\/index.php\/3674\/1-decembrie-parada-militara\/1-decembrie_parada-militara-9\/\" data-orig-file=\"https:\/\/i0.wp.com\/cartitaplimbareata.ro\/wp-content\/uploads\/cartitaplimbareata.ro_1_Decembrie_parada_militara_Bucuresti012.jpg?fit=792%2C528&amp;ssl=1\" data-orig-size=\"792,528\" data-comments-opened=\"1\" data-image-meta=\"{&quot;aperture&quot;:&quot;3.2&quot;,&quot;credit&quot;:&quot;unknown&quot;,&quot;camera&quot;:&quot;Canon EOS 350D DIGITAL&quot;,&quot;caption&quot;:&quot;&quot;,&quot;created_timestamp&quot;:&quot;1291206594&quot;,&quot;copyright&quot;:&quot;www.ione.ro  www.cartitaplimbareata.ro&quot;,&quot;focal_length&quot;:&quot;50&quot;,&quot;iso&quot;:&quot;400&quot;,&quot;shutter_speed&quot;:&quot;0.01&quot;,&quot;title&quot;:&quot;1 Decembrie_Parada Militara&quot;}\" data-image-title=\"1 Decembrie_Parada Militara\" data-image-description=\"\" data-image-caption=\"\" data-medium-file=\"https:\/\/i0.wp.com\/cartitaplimbareata.ro\/wp-content\/uploads\/cartitaplimbareata.ro_1_Decembrie_parada_militara_Bucuresti012.jpg?fit=188%2C125&amp;ssl=1\" data-large-file=\"https:\/\/i0.wp.com\/cartitaplimbareata.ro\/wp-content\/uploads\/cartitaplimbareata.ro_1_Decembrie_parada_militara_Bucuresti012.jpg?fit=494%2C329&amp;ssl=1\" class=\"aligncenter size-full wp-image-3683\" src=\"https:\/\/i0.wp.com\/cartitaplimbareata.ro\/wp-content\/uploads\/cartitaplimbareata.ro_1_Decembrie_parada_militara_Bucuresti012.jpg?resize=792%2C528\" alt=\"1 Decembrie_Parada Militara\" width=\"792\" height=\"528\" srcset=\"https:\/\/i0.wp.com\/cartitaplimbareata.ro\/wp-content\/uploads\/cartitaplimbareata.ro_1_Decembrie_parada_militara_Bucuresti012.jpg?w=792&amp;ssl=1 792w, https:\/\/i0.wp.com\/cartitaplimbareata.ro\/wp-content\/uploads\/cartitaplimbareata.ro_1_Decembrie_parada_militara_Bucuresti012.jpg?resize=188%2C125&amp;ssl=1 188w, https:\/\/i0.wp.com\/cartitaplimbareata.ro\/wp-content\/uploads\/cartitaplimbareata.ro_1_Decembrie_parada_militara_Bucuresti012.jpg?resize=494%2C329&amp;ssl=1 494w\" sizes=\"auto, (max-width: 792px) 100vw, 792px\" \/><\/a><\/p>\n<div class=\"tiled-gallery type-rectangular tiled-gallery-unresized\" data-original-width=\"1170\" data-carousel-extra='{&quot;blog_id&quot;:1,&quot;permalink&quot;:&quot;https:\\\/\\\/cartitaplimbareata.ro\\\/index.php\\\/3674\\\/1-decembrie-parada-militara\\\/&quot;,&quot;likes_blog_id&quot;:89894680}' itemscope itemtype=\"http:\/\/schema.org\/ImageGallery\" > <div class=\"gallery-row\" style=\"width: 1170px; height: 522px;\" data-original-width=\"1170\" data-original-height=\"522\" > <div class=\"gallery-group images-1\" style=\"width: 781px; height: 522px;\" data-original-width=\"781\" data-original-height=\"522\" > <div class=\"tiled-gallery-item tiled-gallery-item-large\" itemprop=\"associatedMedia\" itemscope itemtype=\"http:\/\/schema.org\/ImageObject\"> <a href=\"https:\/\/i0.wp.com\/cartitaplimbareata.ro\/wp-content\/uploads\/cartitaplimbareata.ro_1_Decembrie_parada_militara_Bucuresti001.jpg?ssl=1\" border=\"0\" itemprop=\"url\" rel=\"lightbox[3674]\"> <meta itemprop=\"width\" content=\"777\"> <meta itemprop=\"height\" content=\"518\"> <img decoding=\"async\" class=\"\" data-attachment-id=\"3675\" data-orig-file=\"https:\/\/cartitaplimbareata.ro\/wp-content\/uploads\/cartitaplimbareata.ro_1_Decembrie_parada_militara_Bucuresti001.jpg\" data-orig-size=\"792,528\" data-comments-opened=\"1\" data-image-meta=\"{&quot;aperture&quot;:&quot;2.8&quot;,&quot;credit&quot;:&quot;unknown&quot;,&quot;camera&quot;:&quot;Canon EOS 350D DIGITAL&quot;,&quot;caption&quot;:&quot;&quot;,&quot;created_timestamp&quot;:&quot;1228133567&quot;,&quot;copyright&quot;:&quot;www.ione.ro www.cartitaplimbareata.ro&quot;,&quot;focal_length&quot;:&quot;70&quot;,&quot;iso&quot;:&quot;400&quot;,&quot;shutter_speed&quot;:&quot;0.003125&quot;,&quot;title&quot;:&quot;1 Decembrie_Parada Militara&quot;}\" data-image-title=\"1 Decembrie_Parada Militara\" data-image-description=\"\" data-medium-file=\"https:\/\/i0.wp.com\/cartitaplimbareata.ro\/wp-content\/uploads\/cartitaplimbareata.ro_1_Decembrie_parada_militara_Bucuresti001.jpg?fit=188%2C125&#038;ssl=1\" data-large-file=\"https:\/\/i0.wp.com\/cartitaplimbareata.ro\/wp-content\/uploads\/cartitaplimbareata.ro_1_Decembrie_parada_militara_Bucuresti001.jpg?fit=494%2C329&#038;ssl=1\" src=\"https:\/\/i0.wp.com\/cartitaplimbareata.ro\/wp-content\/uploads\/cartitaplimbareata.ro_1_Decembrie_parada_militara_Bucuresti001.jpg?w=777&#038;h=518&#038;ssl=1\" srcset=\"https:\/\/i0.wp.com\/cartitaplimbareata.ro\/wp-content\/uploads\/cartitaplimbareata.ro_1_Decembrie_parada_militara_Bucuresti001.jpg?w=792&amp;ssl=1 792w, https:\/\/i0.wp.com\/cartitaplimbareata.ro\/wp-content\/uploads\/cartitaplimbareata.ro_1_Decembrie_parada_militara_Bucuresti001.jpg?resize=188%2C125&amp;ssl=1 188w, https:\/\/i0.wp.com\/cartitaplimbareata.ro\/wp-content\/uploads\/cartitaplimbareata.ro_1_Decembrie_parada_militara_Bucuresti001.jpg?resize=494%2C329&amp;ssl=1 494w\" width=\"777\" height=\"518\" loading=\"lazy\" data-original-width=\"777\" data-original-height=\"518\" itemprop=\"http:\/\/schema.org\/image\" title=\"1 Decembrie_Parada Militara\" alt=\"1 Decembrie_Parada Militara\" style=\"width: 777px; height: 518px;\" \/> <\/a> <\/div> <\/div> <!-- close group --> <div class=\"gallery-group images-2\" style=\"width: 389px; height: 522px;\" data-original-width=\"389\" data-original-height=\"522\" > <div class=\"tiled-gallery-item tiled-gallery-item-large\" itemprop=\"associatedMedia\" itemscope itemtype=\"http:\/\/schema.org\/ImageObject\"> <a href=\"https:\/\/i0.wp.com\/cartitaplimbareata.ro\/wp-content\/uploads\/cartitaplimbareata.ro_1_Decembrie_parada_militara_Bucuresti004.jpg?ssl=1\" border=\"0\" itemprop=\"url\" rel=\"lightbox[3674]\"> <meta itemprop=\"width\" content=\"385\"> <meta itemprop=\"height\" content=\"257\"> <img decoding=\"async\" class=\"\" data-attachment-id=\"3677\" data-orig-file=\"https:\/\/cartitaplimbareata.ro\/wp-content\/uploads\/cartitaplimbareata.ro_1_Decembrie_parada_militara_Bucuresti004.jpg\" data-orig-size=\"792,528\" data-comments-opened=\"1\" data-image-meta=\"{&quot;aperture&quot;:&quot;8&quot;,&quot;credit&quot;:&quot;unknown&quot;,&quot;camera&quot;:&quot;Canon EOS 350D DIGITAL&quot;,&quot;caption&quot;:&quot;&quot;,&quot;created_timestamp&quot;:&quot;1228134860&quot;,&quot;copyright&quot;:&quot;www.ione.ro www.cartitaplimbareata.ro&quot;,&quot;focal_length&quot;:&quot;17&quot;,&quot;iso&quot;:&quot;800&quot;,&quot;shutter_speed&quot;:&quot;0.00625&quot;,&quot;title&quot;:&quot;1 Decembrie_Parada Militara&quot;}\" data-image-title=\"1 Decembrie_Parada Militara\" data-image-description=\"\" data-medium-file=\"https:\/\/i0.wp.com\/cartitaplimbareata.ro\/wp-content\/uploads\/cartitaplimbareata.ro_1_Decembrie_parada_militara_Bucuresti004.jpg?fit=188%2C125&#038;ssl=1\" data-large-file=\"https:\/\/i0.wp.com\/cartitaplimbareata.ro\/wp-content\/uploads\/cartitaplimbareata.ro_1_Decembrie_parada_militara_Bucuresti004.jpg?fit=494%2C329&#038;ssl=1\" src=\"https:\/\/i0.wp.com\/cartitaplimbareata.ro\/wp-content\/uploads\/cartitaplimbareata.ro_1_Decembrie_parada_militara_Bucuresti004.jpg?w=385&#038;h=257&#038;ssl=1\" srcset=\"https:\/\/i0.wp.com\/cartitaplimbareata.ro\/wp-content\/uploads\/cartitaplimbareata.ro_1_Decembrie_parada_militara_Bucuresti004.jpg?w=792&amp;ssl=1 792w, https:\/\/i0.wp.com\/cartitaplimbareata.ro\/wp-content\/uploads\/cartitaplimbareata.ro_1_Decembrie_parada_militara_Bucuresti004.jpg?resize=188%2C125&amp;ssl=1 188w, https:\/\/i0.wp.com\/cartitaplimbareata.ro\/wp-content\/uploads\/cartitaplimbareata.ro_1_Decembrie_parada_militara_Bucuresti004.jpg?resize=494%2C329&amp;ssl=1 494w\" width=\"385\" height=\"257\" loading=\"lazy\" data-original-width=\"385\" data-original-height=\"257\" itemprop=\"http:\/\/schema.org\/image\" title=\"1 Decembrie_Parada Militara\" alt=\"1 Decembrie_Parada Militara\" style=\"width: 385px; height: 257px;\" \/> <\/a> <\/div> <div class=\"tiled-gallery-item tiled-gallery-item-large\" itemprop=\"associatedMedia\" itemscope itemtype=\"http:\/\/schema.org\/ImageObject\"> <a href=\"https:\/\/i0.wp.com\/cartitaplimbareata.ro\/wp-content\/uploads\/cartitaplimbareata.ro_1_Decembrie_parada_militara_Bucuresti024.jpg?ssl=1\" border=\"0\" itemprop=\"url\" rel=\"lightbox[3674]\"> <meta itemprop=\"width\" content=\"385\"> <meta itemprop=\"height\" content=\"257\"> <img decoding=\"async\" class=\"\" data-attachment-id=\"3693\" data-orig-file=\"https:\/\/cartitaplimbareata.ro\/wp-content\/uploads\/cartitaplimbareata.ro_1_Decembrie_parada_militara_Bucuresti024.jpg\" data-orig-size=\"792,528\" data-comments-opened=\"1\" data-image-meta=\"{&quot;aperture&quot;:&quot;11&quot;,&quot;credit&quot;:&quot;&quot;,&quot;camera&quot;:&quot;Canon EOS 40D&quot;,&quot;caption&quot;:&quot;&quot;,&quot;created_timestamp&quot;:&quot;1259668945&quot;,&quot;copyright&quot;:&quot;www.ione.ro www.cartitaplimbareata.ro&quot;,&quot;focal_length&quot;:&quot;10&quot;,&quot;iso&quot;:&quot;800&quot;,&quot;shutter_speed&quot;:&quot;0.008&quot;,&quot;title&quot;:&quot;1 Decembrie_Parada Militara&quot;}\" data-image-title=\"1 Decembrie_Parada Militara\" data-image-description=\"\" data-medium-file=\"https:\/\/i0.wp.com\/cartitaplimbareata.ro\/wp-content\/uploads\/cartitaplimbareata.ro_1_Decembrie_parada_militara_Bucuresti024.jpg?fit=188%2C125&#038;ssl=1\" data-large-file=\"https:\/\/i0.wp.com\/cartitaplimbareata.ro\/wp-content\/uploads\/cartitaplimbareata.ro_1_Decembrie_parada_militara_Bucuresti024.jpg?fit=494%2C329&#038;ssl=1\" src=\"https:\/\/i0.wp.com\/cartitaplimbareata.ro\/wp-content\/uploads\/cartitaplimbareata.ro_1_Decembrie_parada_militara_Bucuresti024.jpg?w=385&#038;h=257&#038;ssl=1\" srcset=\"https:\/\/i0.wp.com\/cartitaplimbareata.ro\/wp-content\/uploads\/cartitaplimbareata.ro_1_Decembrie_parada_militara_Bucuresti024.jpg?w=792&amp;ssl=1 792w, https:\/\/i0.wp.com\/cartitaplimbareata.ro\/wp-content\/uploads\/cartitaplimbareata.ro_1_Decembrie_parada_militara_Bucuresti024.jpg?resize=188%2C125&amp;ssl=1 188w, https:\/\/i0.wp.com\/cartitaplimbareata.ro\/wp-content\/uploads\/cartitaplimbareata.ro_1_Decembrie_parada_militara_Bucuresti024.jpg?resize=494%2C329&amp;ssl=1 494w\" width=\"385\" height=\"257\" loading=\"lazy\" data-original-width=\"385\" data-original-height=\"257\" itemprop=\"http:\/\/schema.org\/image\" title=\"1 Decembrie_Parada Militara\" alt=\"1 Decembrie_Parada Militara\" style=\"width: 385px; height: 257px;\" \/> <\/a> <\/div> <\/div> <!-- close group --> <\/div> <!-- close row --> <div class=\"gallery-row\" style=\"width: 1170px; height: 261px;\" data-original-width=\"1170\" data-original-height=\"261\" > <div class=\"gallery-group images-1\" style=\"width: 390px; height: 261px;\" data-original-width=\"390\" data-original-height=\"261\" > <div class=\"tiled-gallery-item tiled-gallery-item-large\" itemprop=\"associatedMedia\" itemscope itemtype=\"http:\/\/schema.org\/ImageObject\"> <a href=\"https:\/\/i0.wp.com\/cartitaplimbareata.ro\/wp-content\/uploads\/cartitaplimbareata.ro_1_Decembrie_parada_militara_Bucuresti017.jpg?ssl=1\" border=\"0\" itemprop=\"url\" rel=\"lightbox[3674]\"> <meta itemprop=\"width\" content=\"386\"> <meta itemprop=\"height\" content=\"257\"> <img decoding=\"async\" class=\"\" data-attachment-id=\"3687\" data-orig-file=\"https:\/\/cartitaplimbareata.ro\/wp-content\/uploads\/cartitaplimbareata.ro_1_Decembrie_parada_militara_Bucuresti017.jpg\" data-orig-size=\"792,528\" data-comments-opened=\"1\" data-image-meta=\"{&quot;aperture&quot;:&quot;4.5&quot;,&quot;credit&quot;:&quot;unknown&quot;,&quot;camera&quot;:&quot;Canon EOS 350D DIGITAL&quot;,&quot;caption&quot;:&quot;&quot;,&quot;created_timestamp&quot;:&quot;1291208642&quot;,&quot;copyright&quot;:&quot;www.ione.ro www.cartitaplimbareata.ro&quot;,&quot;focal_length&quot;:&quot;50&quot;,&quot;iso&quot;:&quot;800&quot;,&quot;shutter_speed&quot;:&quot;0.008&quot;,&quot;title&quot;:&quot;1 Decembrie_Parada Militara&quot;}\" data-image-title=\"1 Decembrie_Parada Militara\" data-image-description=\"\" data-medium-file=\"https:\/\/i0.wp.com\/cartitaplimbareata.ro\/wp-content\/uploads\/cartitaplimbareata.ro_1_Decembrie_parada_militara_Bucuresti017.jpg?fit=188%2C125&#038;ssl=1\" data-large-file=\"https:\/\/i0.wp.com\/cartitaplimbareata.ro\/wp-content\/uploads\/cartitaplimbareata.ro_1_Decembrie_parada_militara_Bucuresti017.jpg?fit=494%2C329&#038;ssl=1\" src=\"https:\/\/i0.wp.com\/cartitaplimbareata.ro\/wp-content\/uploads\/cartitaplimbareata.ro_1_Decembrie_parada_militara_Bucuresti017.jpg?w=386&#038;h=257&#038;ssl=1\" srcset=\"https:\/\/i0.wp.com\/cartitaplimbareata.ro\/wp-content\/uploads\/cartitaplimbareata.ro_1_Decembrie_parada_militara_Bucuresti017.jpg?w=792&amp;ssl=1 792w, https:\/\/i0.wp.com\/cartitaplimbareata.ro\/wp-content\/uploads\/cartitaplimbareata.ro_1_Decembrie_parada_militara_Bucuresti017.jpg?resize=188%2C125&amp;ssl=1 188w, https:\/\/i0.wp.com\/cartitaplimbareata.ro\/wp-content\/uploads\/cartitaplimbareata.ro_1_Decembrie_parada_militara_Bucuresti017.jpg?resize=494%2C329&amp;ssl=1 494w\" width=\"386\" height=\"257\" loading=\"lazy\" data-original-width=\"386\" data-original-height=\"257\" itemprop=\"http:\/\/schema.org\/image\" title=\"1 Decembrie_Parada Militara\" alt=\"1 Decembrie_Parada Militara\" style=\"width: 386px; height: 257px;\" \/> <\/a> <\/div> <\/div> <!-- close group --> <div class=\"gallery-group images-1\" style=\"width: 390px; height: 261px;\" data-original-width=\"390\" data-original-height=\"261\" > <div class=\"tiled-gallery-item tiled-gallery-item-large\" itemprop=\"associatedMedia\" itemscope itemtype=\"http:\/\/schema.org\/ImageObject\"> <a href=\"https:\/\/i0.wp.com\/cartitaplimbareata.ro\/wp-content\/uploads\/cartitaplimbareata.ro_1_Decembrie_parada_militara_Bucuresti015.jpg?ssl=1\" border=\"0\" itemprop=\"url\" rel=\"lightbox[3674]\"> <meta itemprop=\"width\" content=\"386\"> <meta itemprop=\"height\" content=\"257\"> <img decoding=\"async\" class=\"\" data-attachment-id=\"3685\" data-orig-file=\"https:\/\/cartitaplimbareata.ro\/wp-content\/uploads\/cartitaplimbareata.ro_1_Decembrie_parada_militara_Bucuresti015.jpg\" data-orig-size=\"792,528\" data-comments-opened=\"1\" data-image-meta=\"{&quot;aperture&quot;:&quot;3.5&quot;,&quot;credit&quot;:&quot;unknown&quot;,&quot;camera&quot;:&quot;Canon EOS 350D DIGITAL&quot;,&quot;caption&quot;:&quot;&quot;,&quot;created_timestamp&quot;:&quot;1291207888&quot;,&quot;copyright&quot;:&quot;www.ione.ro www.cartitaplimbareata.ro&quot;,&quot;focal_length&quot;:&quot;50&quot;,&quot;iso&quot;:&quot;800&quot;,&quot;shutter_speed&quot;:&quot;0.004&quot;,&quot;title&quot;:&quot;1 Decembrie_Parada Militara&quot;}\" data-image-title=\"1 Decembrie_Parada Militara\" data-image-description=\"\" data-medium-file=\"https:\/\/i0.wp.com\/cartitaplimbareata.ro\/wp-content\/uploads\/cartitaplimbareata.ro_1_Decembrie_parada_militara_Bucuresti015.jpg?fit=188%2C125&#038;ssl=1\" data-large-file=\"https:\/\/i0.wp.com\/cartitaplimbareata.ro\/wp-content\/uploads\/cartitaplimbareata.ro_1_Decembrie_parada_militara_Bucuresti015.jpg?fit=494%2C329&#038;ssl=1\" src=\"https:\/\/i0.wp.com\/cartitaplimbareata.ro\/wp-content\/uploads\/cartitaplimbareata.ro_1_Decembrie_parada_militara_Bucuresti015.jpg?w=386&#038;h=257&#038;ssl=1\" srcset=\"https:\/\/i0.wp.com\/cartitaplimbareata.ro\/wp-content\/uploads\/cartitaplimbareata.ro_1_Decembrie_parada_militara_Bucuresti015.jpg?w=792&amp;ssl=1 792w, https:\/\/i0.wp.com\/cartitaplimbareata.ro\/wp-content\/uploads\/cartitaplimbareata.ro_1_Decembrie_parada_militara_Bucuresti015.jpg?resize=188%2C125&amp;ssl=1 188w, https:\/\/i0.wp.com\/cartitaplimbareata.ro\/wp-content\/uploads\/cartitaplimbareata.ro_1_Decembrie_parada_militara_Bucuresti015.jpg?resize=494%2C329&amp;ssl=1 494w\" width=\"386\" height=\"257\" loading=\"lazy\" data-original-width=\"386\" data-original-height=\"257\" itemprop=\"http:\/\/schema.org\/image\" title=\"1 Decembrie_Parada Militara\" alt=\"1 Decembrie_Parada Militara\" style=\"width: 386px; height: 257px;\" \/> <\/a> <\/div> <\/div> <!-- close group --> <div class=\"gallery-group images-1\" style=\"width: 390px; height: 261px;\" data-original-width=\"390\" data-original-height=\"261\" > <div class=\"tiled-gallery-item tiled-gallery-item-large\" itemprop=\"associatedMedia\" itemscope itemtype=\"http:\/\/schema.org\/ImageObject\"> <a href=\"https:\/\/i0.wp.com\/cartitaplimbareata.ro\/wp-content\/uploads\/cartitaplimbareata.ro_1_Decembrie_parada_militara_Bucuresti002.jpg?ssl=1\" border=\"0\" itemprop=\"url\" rel=\"lightbox[3674]\"> <meta itemprop=\"width\" content=\"386\"> <meta itemprop=\"height\" content=\"257\"> <img decoding=\"async\" class=\"\" data-attachment-id=\"3676\" data-orig-file=\"https:\/\/cartitaplimbareata.ro\/wp-content\/uploads\/cartitaplimbareata.ro_1_Decembrie_parada_militara_Bucuresti002.jpg\" data-orig-size=\"792,528\" data-comments-opened=\"1\" data-image-meta=\"{&quot;aperture&quot;:&quot;4.5&quot;,&quot;credit&quot;:&quot;unknown&quot;,&quot;camera&quot;:&quot;Canon EOS 350D DIGITAL&quot;,&quot;caption&quot;:&quot;&quot;,&quot;created_timestamp&quot;:&quot;1228133911&quot;,&quot;copyright&quot;:&quot;www.ione.ro www.cartitaplimbareata.ro&quot;,&quot;focal_length&quot;:&quot;76&quot;,&quot;iso&quot;:&quot;400&quot;,&quot;shutter_speed&quot;:&quot;0.003125&quot;,&quot;title&quot;:&quot;1 Decembrie_Parada Militara&quot;}\" data-image-title=\"1 Decembrie_Parada Militara\" data-image-description=\"\" data-medium-file=\"https:\/\/i0.wp.com\/cartitaplimbareata.ro\/wp-content\/uploads\/cartitaplimbareata.ro_1_Decembrie_parada_militara_Bucuresti002.jpg?fit=188%2C125&#038;ssl=1\" data-large-file=\"https:\/\/i0.wp.com\/cartitaplimbareata.ro\/wp-content\/uploads\/cartitaplimbareata.ro_1_Decembrie_parada_militara_Bucuresti002.jpg?fit=494%2C329&#038;ssl=1\" src=\"https:\/\/i0.wp.com\/cartitaplimbareata.ro\/wp-content\/uploads\/cartitaplimbareata.ro_1_Decembrie_parada_militara_Bucuresti002.jpg?w=386&#038;h=257&#038;ssl=1\" srcset=\"https:\/\/i0.wp.com\/cartitaplimbareata.ro\/wp-content\/uploads\/cartitaplimbareata.ro_1_Decembrie_parada_militara_Bucuresti002.jpg?w=792&amp;ssl=1 792w, https:\/\/i0.wp.com\/cartitaplimbareata.ro\/wp-content\/uploads\/cartitaplimbareata.ro_1_Decembrie_parada_militara_Bucuresti002.jpg?resize=188%2C125&amp;ssl=1 188w, https:\/\/i0.wp.com\/cartitaplimbareata.ro\/wp-content\/uploads\/cartitaplimbareata.ro_1_Decembrie_parada_militara_Bucuresti002.jpg?resize=494%2C329&amp;ssl=1 494w\" width=\"386\" height=\"257\" loading=\"lazy\" data-original-width=\"386\" data-original-height=\"257\" itemprop=\"http:\/\/schema.org\/image\" title=\"1 Decembrie_Parada Militara\" alt=\"1 Decembrie_Parada Militara\" style=\"width: 386px; height: 257px;\" \/> <\/a> <\/div> <\/div> <!-- close group --> <\/div> <!-- close row --> <div class=\"gallery-row\" style=\"width: 1170px; height: 522px;\" data-original-width=\"1170\" data-original-height=\"522\" > <div class=\"gallery-group images-2\" style=\"width: 389px; height: 522px;\" data-original-width=\"389\" data-original-height=\"522\" > <div class=\"tiled-gallery-item tiled-gallery-item-large\" itemprop=\"associatedMedia\" itemscope itemtype=\"http:\/\/schema.org\/ImageObject\"> <a href=\"https:\/\/i0.wp.com\/cartitaplimbareata.ro\/wp-content\/uploads\/cartitaplimbareata.ro_1_Decembrie_parada_militara_Bucuresti023.jpg?ssl=1\" border=\"0\" itemprop=\"url\" rel=\"lightbox[3674]\"> <meta itemprop=\"width\" content=\"385\"> <meta itemprop=\"height\" content=\"257\"> <img decoding=\"async\" class=\"\" data-attachment-id=\"3692\" data-orig-file=\"https:\/\/cartitaplimbareata.ro\/wp-content\/uploads\/cartitaplimbareata.ro_1_Decembrie_parada_militara_Bucuresti023.jpg\" data-orig-size=\"792,528\" data-comments-opened=\"1\" data-image-meta=\"{&quot;aperture&quot;:&quot;11&quot;,&quot;credit&quot;:&quot;&quot;,&quot;camera&quot;:&quot;Canon EOS 40D&quot;,&quot;caption&quot;:&quot;&quot;,&quot;created_timestamp&quot;:&quot;1259668849&quot;,&quot;copyright&quot;:&quot;www.ione.ro www.cartitaplimbareata.ro&quot;,&quot;focal_length&quot;:&quot;11&quot;,&quot;iso&quot;:&quot;800&quot;,&quot;shutter_speed&quot;:&quot;0.008&quot;,&quot;title&quot;:&quot;1 Decembrie_Parada Militara&quot;}\" data-image-title=\"1 Decembrie_Parada Militara\" data-image-description=\"\" data-medium-file=\"https:\/\/i0.wp.com\/cartitaplimbareata.ro\/wp-content\/uploads\/cartitaplimbareata.ro_1_Decembrie_parada_militara_Bucuresti023.jpg?fit=188%2C125&#038;ssl=1\" data-large-file=\"https:\/\/i0.wp.com\/cartitaplimbareata.ro\/wp-content\/uploads\/cartitaplimbareata.ro_1_Decembrie_parada_militara_Bucuresti023.jpg?fit=494%2C329&#038;ssl=1\" src=\"https:\/\/i0.wp.com\/cartitaplimbareata.ro\/wp-content\/uploads\/cartitaplimbareata.ro_1_Decembrie_parada_militara_Bucuresti023.jpg?w=385&#038;h=257&#038;ssl=1\" srcset=\"https:\/\/i0.wp.com\/cartitaplimbareata.ro\/wp-content\/uploads\/cartitaplimbareata.ro_1_Decembrie_parada_militara_Bucuresti023.jpg?w=792&amp;ssl=1 792w, https:\/\/i0.wp.com\/cartitaplimbareata.ro\/wp-content\/uploads\/cartitaplimbareata.ro_1_Decembrie_parada_militara_Bucuresti023.jpg?resize=188%2C125&amp;ssl=1 188w, https:\/\/i0.wp.com\/cartitaplimbareata.ro\/wp-content\/uploads\/cartitaplimbareata.ro_1_Decembrie_parada_militara_Bucuresti023.jpg?resize=494%2C329&amp;ssl=1 494w\" width=\"385\" height=\"257\" loading=\"lazy\" data-original-width=\"385\" data-original-height=\"257\" itemprop=\"http:\/\/schema.org\/image\" title=\"1 Decembrie_Parada Militara\" alt=\"1 Decembrie_Parada Militara\" style=\"width: 385px; height: 257px;\" \/> <\/a> <\/div> <div class=\"tiled-gallery-item tiled-gallery-item-large\" itemprop=\"associatedMedia\" itemscope itemtype=\"http:\/\/schema.org\/ImageObject\"> <a href=\"https:\/\/i0.wp.com\/cartitaplimbareata.ro\/wp-content\/uploads\/cartitaplimbareata.ro_1_Decembrie_parada_militara_Bucuresti006.jpg?ssl=1\" border=\"0\" itemprop=\"url\" rel=\"lightbox[3674]\"> <meta itemprop=\"width\" content=\"385\"> <meta itemprop=\"height\" content=\"257\"> <img decoding=\"async\" class=\"\" data-attachment-id=\"3679\" data-orig-file=\"https:\/\/cartitaplimbareata.ro\/wp-content\/uploads\/cartitaplimbareata.ro_1_Decembrie_parada_militara_Bucuresti006.jpg\" data-orig-size=\"792,528\" data-comments-opened=\"1\" data-image-meta=\"{&quot;aperture&quot;:&quot;8&quot;,&quot;credit&quot;:&quot;unknown&quot;,&quot;camera&quot;:&quot;Canon EOS 350D DIGITAL&quot;,&quot;caption&quot;:&quot;&quot;,&quot;created_timestamp&quot;:&quot;1228134935&quot;,&quot;copyright&quot;:&quot;www.ione.ro www.cartitaplimbareata.ro&quot;,&quot;focal_length&quot;:&quot;70&quot;,&quot;iso&quot;:&quot;400&quot;,&quot;shutter_speed&quot;:&quot;0.00625&quot;,&quot;title&quot;:&quot;1 Decembrie_Parada Militara&quot;}\" data-image-title=\"1 Decembrie_Parada Militara\" data-image-description=\"\" data-medium-file=\"https:\/\/i0.wp.com\/cartitaplimbareata.ro\/wp-content\/uploads\/cartitaplimbareata.ro_1_Decembrie_parada_militara_Bucuresti006.jpg?fit=188%2C125&#038;ssl=1\" data-large-file=\"https:\/\/i0.wp.com\/cartitaplimbareata.ro\/wp-content\/uploads\/cartitaplimbareata.ro_1_Decembrie_parada_militara_Bucuresti006.jpg?fit=494%2C329&#038;ssl=1\" src=\"https:\/\/i0.wp.com\/cartitaplimbareata.ro\/wp-content\/uploads\/cartitaplimbareata.ro_1_Decembrie_parada_militara_Bucuresti006.jpg?w=385&#038;h=257&#038;ssl=1\" srcset=\"https:\/\/i0.wp.com\/cartitaplimbareata.ro\/wp-content\/uploads\/cartitaplimbareata.ro_1_Decembrie_parada_militara_Bucuresti006.jpg?w=792&amp;ssl=1 792w, https:\/\/i0.wp.com\/cartitaplimbareata.ro\/wp-content\/uploads\/cartitaplimbareata.ro_1_Decembrie_parada_militara_Bucuresti006.jpg?resize=188%2C125&amp;ssl=1 188w, https:\/\/i0.wp.com\/cartitaplimbareata.ro\/wp-content\/uploads\/cartitaplimbareata.ro_1_Decembrie_parada_militara_Bucuresti006.jpg?resize=494%2C329&amp;ssl=1 494w\" width=\"385\" height=\"257\" loading=\"lazy\" data-original-width=\"385\" data-original-height=\"257\" itemprop=\"http:\/\/schema.org\/image\" title=\"1 Decembrie_Parada Militara\" alt=\"1 Decembrie_Parada Militara\" style=\"width: 385px; height: 257px;\" \/> <\/a> <\/div> <\/div> <!-- close group --> <div class=\"gallery-group images-1\" style=\"width: 781px; height: 522px;\" data-original-width=\"781\" data-original-height=\"522\" > <div class=\"tiled-gallery-item tiled-gallery-item-large\" itemprop=\"associatedMedia\" itemscope itemtype=\"http:\/\/schema.org\/ImageObject\"> <a href=\"https:\/\/i0.wp.com\/cartitaplimbareata.ro\/wp-content\/uploads\/cartitaplimbareata.ro_1_Decembrie_parada_militara_Bucuresti013.jpg?ssl=1\" border=\"0\" itemprop=\"url\" rel=\"lightbox[3674]\"> <meta itemprop=\"width\" content=\"777\"> <meta itemprop=\"height\" content=\"518\"> <img decoding=\"async\" class=\"\" data-attachment-id=\"3684\" data-orig-file=\"https:\/\/cartitaplimbareata.ro\/wp-content\/uploads\/cartitaplimbareata.ro_1_Decembrie_parada_militara_Bucuresti013.jpg\" data-orig-size=\"792,528\" data-comments-opened=\"1\" data-image-meta=\"{&quot;aperture&quot;:&quot;2.8&quot;,&quot;credit&quot;:&quot;unknown&quot;,&quot;camera&quot;:&quot;Canon EOS 350D DIGITAL&quot;,&quot;caption&quot;:&quot;&quot;,&quot;created_timestamp&quot;:&quot;1291207357&quot;,&quot;copyright&quot;:&quot;www.ione.ro www.cartitaplimbareata.ro&quot;,&quot;focal_length&quot;:&quot;50&quot;,&quot;iso&quot;:&quot;800&quot;,&quot;shutter_speed&quot;:&quot;0.0015625&quot;,&quot;title&quot;:&quot;1 Decembrie_Parada Militara&quot;}\" data-image-title=\"1 Decembrie_Parada Militara\" data-image-description=\"\" data-medium-file=\"https:\/\/i0.wp.com\/cartitaplimbareata.ro\/wp-content\/uploads\/cartitaplimbareata.ro_1_Decembrie_parada_militara_Bucuresti013.jpg?fit=188%2C125&#038;ssl=1\" data-large-file=\"https:\/\/i0.wp.com\/cartitaplimbareata.ro\/wp-content\/uploads\/cartitaplimbareata.ro_1_Decembrie_parada_militara_Bucuresti013.jpg?fit=494%2C329&#038;ssl=1\" src=\"https:\/\/i0.wp.com\/cartitaplimbareata.ro\/wp-content\/uploads\/cartitaplimbareata.ro_1_Decembrie_parada_militara_Bucuresti013.jpg?w=777&#038;h=518&#038;ssl=1\" srcset=\"https:\/\/i0.wp.com\/cartitaplimbareata.ro\/wp-content\/uploads\/cartitaplimbareata.ro_1_Decembrie_parada_militara_Bucuresti013.jpg?w=792&amp;ssl=1 792w, https:\/\/i0.wp.com\/cartitaplimbareata.ro\/wp-content\/uploads\/cartitaplimbareata.ro_1_Decembrie_parada_militara_Bucuresti013.jpg?resize=188%2C125&amp;ssl=1 188w, https:\/\/i0.wp.com\/cartitaplimbareata.ro\/wp-content\/uploads\/cartitaplimbareata.ro_1_Decembrie_parada_militara_Bucuresti013.jpg?resize=494%2C329&amp;ssl=1 494w\" width=\"777\" height=\"518\" loading=\"lazy\" data-original-width=\"777\" data-original-height=\"518\" itemprop=\"http:\/\/schema.org\/image\" title=\"1 Decembrie_Parada Militara\" alt=\"1 Decembrie_Parada Militara\" style=\"width: 777px; height: 518px;\" \/> <\/a> <\/div> <\/div> <!-- close group --> <\/div> <!-- close row --> <div class=\"gallery-row\" style=\"width: 1170px; height: 1003px;\" data-original-width=\"1170\" data-original-height=\"1003\" > <div class=\"gallery-group images-3\" style=\"width: 500px; height: 1003px;\" data-original-width=\"500\" data-original-height=\"1003\" > <div class=\"tiled-gallery-item tiled-gallery-item-large\" itemprop=\"associatedMedia\" itemscope itemtype=\"http:\/\/schema.org\/ImageObject\"> <a href=\"https:\/\/i0.wp.com\/cartitaplimbareata.ro\/wp-content\/uploads\/cartitaplimbareata.ro_1_Decembrie_parada_militara_Bucuresti018.jpg?ssl=1\" border=\"0\" itemprop=\"url\" rel=\"lightbox[3674]\"> <meta itemprop=\"width\" content=\"496\"> <meta itemprop=\"height\" content=\"331\"> <img decoding=\"async\" class=\"\" data-attachment-id=\"3688\" data-orig-file=\"https:\/\/cartitaplimbareata.ro\/wp-content\/uploads\/cartitaplimbareata.ro_1_Decembrie_parada_militara_Bucuresti018.jpg\" data-orig-size=\"792,528\" data-comments-opened=\"1\" data-image-meta=\"{&quot;aperture&quot;:&quot;4.5&quot;,&quot;credit&quot;:&quot;unknown&quot;,&quot;camera&quot;:&quot;Canon EOS 350D DIGITAL&quot;,&quot;caption&quot;:&quot;&quot;,&quot;created_timestamp&quot;:&quot;1291208804&quot;,&quot;copyright&quot;:&quot;www.ione.ro www.cartitaplimbareata.ro&quot;,&quot;focal_length&quot;:&quot;50&quot;,&quot;iso&quot;:&quot;800&quot;,&quot;shutter_speed&quot;:&quot;0.008&quot;,&quot;title&quot;:&quot;1 Decembrie_Parada Militara&quot;}\" data-image-title=\"1 Decembrie_Parada Militara\" data-image-description=\"\" data-medium-file=\"https:\/\/i0.wp.com\/cartitaplimbareata.ro\/wp-content\/uploads\/cartitaplimbareata.ro_1_Decembrie_parada_militara_Bucuresti018.jpg?fit=188%2C125&#038;ssl=1\" data-large-file=\"https:\/\/i0.wp.com\/cartitaplimbareata.ro\/wp-content\/uploads\/cartitaplimbareata.ro_1_Decembrie_parada_militara_Bucuresti018.jpg?fit=494%2C329&#038;ssl=1\" src=\"https:\/\/i0.wp.com\/cartitaplimbareata.ro\/wp-content\/uploads\/cartitaplimbareata.ro_1_Decembrie_parada_militara_Bucuresti018.jpg?w=496&#038;h=331&#038;ssl=1\" srcset=\"https:\/\/i0.wp.com\/cartitaplimbareata.ro\/wp-content\/uploads\/cartitaplimbareata.ro_1_Decembrie_parada_militara_Bucuresti018.jpg?w=792&amp;ssl=1 792w, https:\/\/i0.wp.com\/cartitaplimbareata.ro\/wp-content\/uploads\/cartitaplimbareata.ro_1_Decembrie_parada_militara_Bucuresti018.jpg?resize=188%2C125&amp;ssl=1 188w, https:\/\/i0.wp.com\/cartitaplimbareata.ro\/wp-content\/uploads\/cartitaplimbareata.ro_1_Decembrie_parada_militara_Bucuresti018.jpg?resize=494%2C329&amp;ssl=1 494w\" width=\"496\" height=\"331\" loading=\"lazy\" data-original-width=\"496\" data-original-height=\"331\" itemprop=\"http:\/\/schema.org\/image\" title=\"1 Decembrie_Parada Militara\" alt=\"1 Decembrie_Parada Militara\" style=\"width: 496px; height: 331px;\" \/> <\/a> <\/div> <div class=\"tiled-gallery-item tiled-gallery-item-large\" itemprop=\"associatedMedia\" itemscope itemtype=\"http:\/\/schema.org\/ImageObject\"> <a href=\"https:\/\/i0.wp.com\/cartitaplimbareata.ro\/wp-content\/uploads\/cartitaplimbareata.ro_1_Decembrie_parada_militara_Bucuresti016.jpg?ssl=1\" border=\"0\" itemprop=\"url\" rel=\"lightbox[3674]\"> <meta itemprop=\"width\" content=\"496\"> <meta itemprop=\"height\" content=\"330\"> <img decoding=\"async\" class=\"\" data-attachment-id=\"3686\" data-orig-file=\"https:\/\/cartitaplimbareata.ro\/wp-content\/uploads\/cartitaplimbareata.ro_1_Decembrie_parada_militara_Bucuresti016.jpg\" data-orig-size=\"792,528\" data-comments-opened=\"1\" data-image-meta=\"{&quot;aperture&quot;:&quot;4.5&quot;,&quot;credit&quot;:&quot;unknown&quot;,&quot;camera&quot;:&quot;Canon EOS 350D DIGITAL&quot;,&quot;caption&quot;:&quot;&quot;,&quot;created_timestamp&quot;:&quot;1291208564&quot;,&quot;copyright&quot;:&quot;www.ione.ro www.cartitaplimbareata.ro&quot;,&quot;focal_length&quot;:&quot;50&quot;,&quot;iso&quot;:&quot;800&quot;,&quot;shutter_speed&quot;:&quot;0.004&quot;,&quot;title&quot;:&quot;1 Decembrie_Parada Militara&quot;}\" data-image-title=\"1 Decembrie_Parada Militara\" data-image-description=\"\" data-medium-file=\"https:\/\/i0.wp.com\/cartitaplimbareata.ro\/wp-content\/uploads\/cartitaplimbareata.ro_1_Decembrie_parada_militara_Bucuresti016.jpg?fit=188%2C125&#038;ssl=1\" data-large-file=\"https:\/\/i0.wp.com\/cartitaplimbareata.ro\/wp-content\/uploads\/cartitaplimbareata.ro_1_Decembrie_parada_militara_Bucuresti016.jpg?fit=494%2C329&#038;ssl=1\" src=\"https:\/\/i0.wp.com\/cartitaplimbareata.ro\/wp-content\/uploads\/cartitaplimbareata.ro_1_Decembrie_parada_militara_Bucuresti016.jpg?w=496&#038;h=330&#038;ssl=1\" srcset=\"https:\/\/i0.wp.com\/cartitaplimbareata.ro\/wp-content\/uploads\/cartitaplimbareata.ro_1_Decembrie_parada_militara_Bucuresti016.jpg?w=792&amp;ssl=1 792w, https:\/\/i0.wp.com\/cartitaplimbareata.ro\/wp-content\/uploads\/cartitaplimbareata.ro_1_Decembrie_parada_militara_Bucuresti016.jpg?resize=188%2C125&amp;ssl=1 188w, https:\/\/i0.wp.com\/cartitaplimbareata.ro\/wp-content\/uploads\/cartitaplimbareata.ro_1_Decembrie_parada_militara_Bucuresti016.jpg?resize=494%2C329&amp;ssl=1 494w\" width=\"496\" height=\"330\" loading=\"lazy\" data-original-width=\"496\" data-original-height=\"330\" itemprop=\"http:\/\/schema.org\/image\" title=\"1 Decembrie_Parada Militara\" alt=\"1 Decembrie_Parada Militara\" style=\"width: 496px; height: 330px;\" \/> <\/a> <\/div> <div class=\"tiled-gallery-item tiled-gallery-item-large\" itemprop=\"associatedMedia\" itemscope itemtype=\"http:\/\/schema.org\/ImageObject\"> <a href=\"https:\/\/i0.wp.com\/cartitaplimbareata.ro\/wp-content\/uploads\/cartitaplimbareata.ro_1_Decembrie_parada_militara_Bucuresti022.jpg?ssl=1\" border=\"0\" itemprop=\"url\" rel=\"lightbox[3674]\"> <meta itemprop=\"width\" content=\"496\"> <meta itemprop=\"height\" content=\"330\"> <img decoding=\"async\" class=\"\" data-attachment-id=\"3691\" data-orig-file=\"https:\/\/cartitaplimbareata.ro\/wp-content\/uploads\/cartitaplimbareata.ro_1_Decembrie_parada_militara_Bucuresti022.jpg\" data-orig-size=\"792,528\" data-comments-opened=\"1\" data-image-meta=\"{&quot;aperture&quot;:&quot;14&quot;,&quot;credit&quot;:&quot;&quot;,&quot;camera&quot;:&quot;Canon EOS 40D&quot;,&quot;caption&quot;:&quot;&quot;,&quot;created_timestamp&quot;:&quot;1259668802&quot;,&quot;copyright&quot;:&quot;www.ione.ro www.cartitaplimbareata.ro&quot;,&quot;focal_length&quot;:&quot;24&quot;,&quot;iso&quot;:&quot;800&quot;,&quot;shutter_speed&quot;:&quot;0.008&quot;,&quot;title&quot;:&quot;1 Decembrie_Parada Militara&quot;}\" data-image-title=\"1 Decembrie_Parada Militara\" data-image-description=\"\" data-medium-file=\"https:\/\/i0.wp.com\/cartitaplimbareata.ro\/wp-content\/uploads\/cartitaplimbareata.ro_1_Decembrie_parada_militara_Bucuresti022.jpg?fit=188%2C125&#038;ssl=1\" data-large-file=\"https:\/\/i0.wp.com\/cartitaplimbareata.ro\/wp-content\/uploads\/cartitaplimbareata.ro_1_Decembrie_parada_militara_Bucuresti022.jpg?fit=494%2C329&#038;ssl=1\" src=\"https:\/\/i0.wp.com\/cartitaplimbareata.ro\/wp-content\/uploads\/cartitaplimbareata.ro_1_Decembrie_parada_militara_Bucuresti022.jpg?w=496&#038;h=330&#038;ssl=1\" srcset=\"https:\/\/i0.wp.com\/cartitaplimbareata.ro\/wp-content\/uploads\/cartitaplimbareata.ro_1_Decembrie_parada_militara_Bucuresti022.jpg?w=792&amp;ssl=1 792w, https:\/\/i0.wp.com\/cartitaplimbareata.ro\/wp-content\/uploads\/cartitaplimbareata.ro_1_Decembrie_parada_militara_Bucuresti022.jpg?resize=188%2C125&amp;ssl=1 188w, https:\/\/i0.wp.com\/cartitaplimbareata.ro\/wp-content\/uploads\/cartitaplimbareata.ro_1_Decembrie_parada_militara_Bucuresti022.jpg?resize=494%2C329&amp;ssl=1 494w\" width=\"496\" height=\"330\" loading=\"lazy\" data-original-width=\"496\" data-original-height=\"330\" itemprop=\"http:\/\/schema.org\/image\" title=\"1 Decembrie_Parada Militara\" alt=\"1 Decembrie_Parada Militara\" style=\"width: 496px; height: 330px;\" \/> <\/a> <\/div> <\/div> <!-- close group --> <div class=\"gallery-group images-1\" style=\"width: 670px; height: 1003px;\" data-original-width=\"670\" data-original-height=\"1003\" > <div class=\"tiled-gallery-item tiled-gallery-item-large\" itemprop=\"associatedMedia\" itemscope itemtype=\"http:\/\/schema.org\/ImageObject\"> <a href=\"https:\/\/i0.wp.com\/cartitaplimbareata.ro\/wp-content\/uploads\/cartitaplimbareata.ro_1_Decembrie_parada_militara_Bucuresti021.jpg?ssl=1\" border=\"0\" itemprop=\"url\" rel=\"lightbox[3674]\"> <meta itemprop=\"width\" content=\"666\"> <meta itemprop=\"height\" content=\"999\"> <img decoding=\"async\" class=\"\" data-attachment-id=\"3690\" data-orig-file=\"https:\/\/cartitaplimbareata.ro\/wp-content\/uploads\/cartitaplimbareata.ro_1_Decembrie_parada_militara_Bucuresti021.jpg\" data-orig-size=\"352,528\" data-comments-opened=\"1\" data-image-meta=\"{&quot;aperture&quot;:&quot;10&quot;,&quot;credit&quot;:&quot;&quot;,&quot;camera&quot;:&quot;Canon EOS 40D&quot;,&quot;caption&quot;:&quot;&quot;,&quot;created_timestamp&quot;:&quot;1259667498&quot;,&quot;copyright&quot;:&quot;www.ione.ro www.cartitaplimbareata.ro&quot;,&quot;focal_length&quot;:&quot;10&quot;,&quot;iso&quot;:&quot;800&quot;,&quot;shutter_speed&quot;:&quot;0.008&quot;,&quot;title&quot;:&quot;1 Decembrie_Parada Militara&quot;}\" data-image-title=\"1 Decembrie_Parada Militara\" data-image-description=\"\" data-medium-file=\"https:\/\/i0.wp.com\/cartitaplimbareata.ro\/wp-content\/uploads\/cartitaplimbareata.ro_1_Decembrie_parada_militara_Bucuresti021.jpg?fit=125%2C188&#038;ssl=1\" data-large-file=\"https:\/\/i0.wp.com\/cartitaplimbareata.ro\/wp-content\/uploads\/cartitaplimbareata.ro_1_Decembrie_parada_militara_Bucuresti021.jpg?fit=329%2C494&#038;ssl=1\" src=\"https:\/\/i0.wp.com\/cartitaplimbareata.ro\/wp-content\/uploads\/cartitaplimbareata.ro_1_Decembrie_parada_militara_Bucuresti021.jpg?w=666&#038;h=999&#038;ssl=1\" srcset=\"https:\/\/i0.wp.com\/cartitaplimbareata.ro\/wp-content\/uploads\/cartitaplimbareata.ro_1_Decembrie_parada_militara_Bucuresti021.jpg?w=352&amp;ssl=1 352w, https:\/\/i0.wp.com\/cartitaplimbareata.ro\/wp-content\/uploads\/cartitaplimbareata.ro_1_Decembrie_parada_militara_Bucuresti021.jpg?resize=125%2C188&amp;ssl=1 125w, https:\/\/i0.wp.com\/cartitaplimbareata.ro\/wp-content\/uploads\/cartitaplimbareata.ro_1_Decembrie_parada_militara_Bucuresti021.jpg?resize=329%2C494&amp;ssl=1 329w\" width=\"666\" height=\"999\" loading=\"lazy\" data-original-width=\"666\" data-original-height=\"999\" itemprop=\"http:\/\/schema.org\/image\" title=\"1 Decembrie_Parada Militara\" alt=\"1 Decembrie_Parada Militara\" style=\"width: 666px; height: 999px;\" \/> <\/a> <\/div> <\/div> <!-- close group --> <\/div> <!-- close row --> <div class=\"gallery-row\" style=\"width: 1170px; height: 391px;\" data-original-width=\"1170\" data-original-height=\"391\" > <div class=\"gallery-group images-1\" style=\"width: 585px; height: 391px;\" data-original-width=\"585\" data-original-height=\"391\" > <div class=\"tiled-gallery-item tiled-gallery-item-large\" itemprop=\"associatedMedia\" itemscope itemtype=\"http:\/\/schema.org\/ImageObject\"> <a href=\"https:\/\/i0.wp.com\/cartitaplimbareata.ro\/wp-content\/uploads\/cartitaplimbareata.ro_1_Decembrie_parada_militara_Bucuresti020-e1342102000357.jpg?ssl=1\" border=\"0\" itemprop=\"url\" rel=\"lightbox[3674]\"> <meta itemprop=\"width\" content=\"581\"> <meta itemprop=\"height\" content=\"387\"> <img decoding=\"async\" class=\"\" data-attachment-id=\"3689\" data-orig-file=\"https:\/\/cartitaplimbareata.ro\/wp-content\/uploads\/cartitaplimbareata.ro_1_Decembrie_parada_militara_Bucuresti020-e1342102000357.jpg\" data-orig-size=\"792,528\" data-comments-opened=\"1\" data-image-meta=\"{&quot;aperture&quot;:&quot;9&quot;,&quot;credit&quot;:&quot;&quot;,&quot;camera&quot;:&quot;Canon EOS 40D&quot;,&quot;caption&quot;:&quot;&quot;,&quot;created_timestamp&quot;:&quot;1259667228&quot;,&quot;copyright&quot;:&quot;www.ione.ro www.cartitaplimbareata.ro&quot;,&quot;focal_length&quot;:&quot;165&quot;,&quot;iso&quot;:&quot;1600&quot;,&quot;shutter_speed&quot;:&quot;0.003125&quot;,&quot;title&quot;:&quot;1 Decembrie_Parada Militara&quot;}\" data-image-title=\"1 Decembrie_Parada Militara\" data-image-description=\"\" data-medium-file=\"https:\/\/i0.wp.com\/cartitaplimbareata.ro\/wp-content\/uploads\/cartitaplimbareata.ro_1_Decembrie_parada_militara_Bucuresti020-e1342102000357.jpg?fit=288%2C192&#038;ssl=1\" data-large-file=\"https:\/\/i0.wp.com\/cartitaplimbareata.ro\/wp-content\/uploads\/cartitaplimbareata.ro_1_Decembrie_parada_militara_Bucuresti020-e1342102000357.jpg?fit=494%2C329&#038;ssl=1\" src=\"https:\/\/i0.wp.com\/cartitaplimbareata.ro\/wp-content\/uploads\/cartitaplimbareata.ro_1_Decembrie_parada_militara_Bucuresti020-e1342102000357.jpg?w=581&#038;h=387&#038;ssl=1\" srcset=\"https:\/\/i0.wp.com\/cartitaplimbareata.ro\/wp-content\/uploads\/cartitaplimbareata.ro_1_Decembrie_parada_militara_Bucuresti020-e1342102000357.jpg?w=792&amp;ssl=1 792w, https:\/\/i0.wp.com\/cartitaplimbareata.ro\/wp-content\/uploads\/cartitaplimbareata.ro_1_Decembrie_parada_militara_Bucuresti020-e1342102000357.jpg?resize=288%2C192&amp;ssl=1 288w, https:\/\/i0.wp.com\/cartitaplimbareata.ro\/wp-content\/uploads\/cartitaplimbareata.ro_1_Decembrie_parada_militara_Bucuresti020-e1342102000357.jpg?resize=494%2C329&amp;ssl=1 494w\" width=\"581\" height=\"387\" loading=\"lazy\" data-original-width=\"581\" data-original-height=\"387\" itemprop=\"http:\/\/schema.org\/image\" title=\"1 Decembrie_Parada Militara\" alt=\"1 Decembrie_Parada Militara\" style=\"width: 581px; height: 387px;\" \/> <\/a> <\/div> <\/div> <!-- close group --> <div class=\"gallery-group images-1\" style=\"width: 585px; height: 391px;\" data-original-width=\"585\" data-original-height=\"391\" > <div class=\"tiled-gallery-item tiled-gallery-item-large\" itemprop=\"associatedMedia\" itemscope itemtype=\"http:\/\/schema.org\/ImageObject\"> <a href=\"https:\/\/i0.wp.com\/cartitaplimbareata.ro\/wp-content\/uploads\/cartitaplimbareata.ro_1_Decembrie_parada_militara_Bucuresti005.jpg?ssl=1\" border=\"0\" itemprop=\"url\" rel=\"lightbox[3674]\"> <meta itemprop=\"width\" content=\"581\"> <meta itemprop=\"height\" content=\"387\"> <img decoding=\"async\" class=\"\" data-attachment-id=\"3678\" data-orig-file=\"https:\/\/cartitaplimbareata.ro\/wp-content\/uploads\/cartitaplimbareata.ro_1_Decembrie_parada_militara_Bucuresti005.jpg\" data-orig-size=\"792,528\" data-comments-opened=\"1\" data-image-meta=\"{&quot;aperture&quot;:&quot;7.1&quot;,&quot;credit&quot;:&quot;unknown&quot;,&quot;camera&quot;:&quot;Canon EOS 350D DIGITAL&quot;,&quot;caption&quot;:&quot;&quot;,&quot;created_timestamp&quot;:&quot;1228134864&quot;,&quot;copyright&quot;:&quot;www.ione.ro www.cartitaplimbareata.ro&quot;,&quot;focal_length&quot;:&quot;17&quot;,&quot;iso&quot;:&quot;800&quot;,&quot;shutter_speed&quot;:&quot;0.00625&quot;,&quot;title&quot;:&quot;1 Decembrie_Parada Militara&quot;}\" data-image-title=\"1 Decembrie_Parada Militara\" data-image-description=\"\" data-medium-file=\"https:\/\/i0.wp.com\/cartitaplimbareata.ro\/wp-content\/uploads\/cartitaplimbareata.ro_1_Decembrie_parada_militara_Bucuresti005.jpg?fit=188%2C125&#038;ssl=1\" data-large-file=\"https:\/\/i0.wp.com\/cartitaplimbareata.ro\/wp-content\/uploads\/cartitaplimbareata.ro_1_Decembrie_parada_militara_Bucuresti005.jpg?fit=494%2C329&#038;ssl=1\" src=\"https:\/\/i0.wp.com\/cartitaplimbareata.ro\/wp-content\/uploads\/cartitaplimbareata.ro_1_Decembrie_parada_militara_Bucuresti005.jpg?w=581&#038;h=387&#038;ssl=1\" srcset=\"https:\/\/i0.wp.com\/cartitaplimbareata.ro\/wp-content\/uploads\/cartitaplimbareata.ro_1_Decembrie_parada_militara_Bucuresti005.jpg?w=792&amp;ssl=1 792w, https:\/\/i0.wp.com\/cartitaplimbareata.ro\/wp-content\/uploads\/cartitaplimbareata.ro_1_Decembrie_parada_militara_Bucuresti005.jpg?resize=188%2C125&amp;ssl=1 188w, https:\/\/i0.wp.com\/cartitaplimbareata.ro\/wp-content\/uploads\/cartitaplimbareata.ro_1_Decembrie_parada_militara_Bucuresti005.jpg?resize=494%2C329&amp;ssl=1 494w\" width=\"581\" height=\"387\" loading=\"lazy\" data-original-width=\"581\" data-original-height=\"387\" itemprop=\"http:\/\/schema.org\/image\" title=\"1 Decembrie_Parada Militara\" alt=\"1 Decembrie_Parada Militara\" style=\"width: 581px; height: 387px;\" \/> <\/a> <\/div> <\/div> <!-- close group --> <\/div> <!-- close row --> <div class=\"gallery-row\" style=\"width: 1170px; height: 1003px;\" data-original-width=\"1170\" data-original-height=\"1003\" > <div class=\"gallery-group images-1\" style=\"width: 670px; height: 1003px;\" data-original-width=\"670\" data-original-height=\"1003\" > <div class=\"tiled-gallery-item tiled-gallery-item-large\" itemprop=\"associatedMedia\" itemscope itemtype=\"http:\/\/schema.org\/ImageObject\"> <a href=\"https:\/\/i0.wp.com\/cartitaplimbareata.ro\/wp-content\/uploads\/cartitaplimbareata.ro_1_Decembrie_parada_militara_Bucuresti025.jpg?ssl=1\" border=\"0\" itemprop=\"url\" rel=\"lightbox[3674]\"> <meta itemprop=\"width\" content=\"666\"> <meta itemprop=\"height\" content=\"999\"> <img decoding=\"async\" class=\"\" data-attachment-id=\"3694\" data-orig-file=\"https:\/\/cartitaplimbareata.ro\/wp-content\/uploads\/cartitaplimbareata.ro_1_Decembrie_parada_militara_Bucuresti025.jpg\" data-orig-size=\"352,528\" data-comments-opened=\"1\" data-image-meta=\"{&quot;aperture&quot;:&quot;8&quot;,&quot;credit&quot;:&quot;&quot;,&quot;camera&quot;:&quot;Canon EOS 40D&quot;,&quot;caption&quot;:&quot;&quot;,&quot;created_timestamp&quot;:&quot;1259669227&quot;,&quot;copyright&quot;:&quot;www.ione.ro www.cartitaplimbareata.ro&quot;,&quot;focal_length&quot;:&quot;11&quot;,&quot;iso&quot;:&quot;800&quot;,&quot;shutter_speed&quot;:&quot;0.008&quot;,&quot;title&quot;:&quot;1 Decembrie_Parada Militara&quot;}\" data-image-title=\"1 Decembrie_Parada Militara\" data-image-description=\"\" data-medium-file=\"https:\/\/i0.wp.com\/cartitaplimbareata.ro\/wp-content\/uploads\/cartitaplimbareata.ro_1_Decembrie_parada_militara_Bucuresti025.jpg?fit=125%2C188&#038;ssl=1\" data-large-file=\"https:\/\/i0.wp.com\/cartitaplimbareata.ro\/wp-content\/uploads\/cartitaplimbareata.ro_1_Decembrie_parada_militara_Bucuresti025.jpg?fit=329%2C494&#038;ssl=1\" src=\"https:\/\/i0.wp.com\/cartitaplimbareata.ro\/wp-content\/uploads\/cartitaplimbareata.ro_1_Decembrie_parada_militara_Bucuresti025.jpg?w=666&#038;h=999&#038;ssl=1\" srcset=\"https:\/\/i0.wp.com\/cartitaplimbareata.ro\/wp-content\/uploads\/cartitaplimbareata.ro_1_Decembrie_parada_militara_Bucuresti025.jpg?w=352&amp;ssl=1 352w, https:\/\/i0.wp.com\/cartitaplimbareata.ro\/wp-content\/uploads\/cartitaplimbareata.ro_1_Decembrie_parada_militara_Bucuresti025.jpg?resize=125%2C188&amp;ssl=1 125w, https:\/\/i0.wp.com\/cartitaplimbareata.ro\/wp-content\/uploads\/cartitaplimbareata.ro_1_Decembrie_parada_militara_Bucuresti025.jpg?resize=329%2C494&amp;ssl=1 329w\" width=\"666\" height=\"999\" loading=\"lazy\" data-original-width=\"666\" data-original-height=\"999\" itemprop=\"http:\/\/schema.org\/image\" title=\"1 Decembrie_Parada Militara\" alt=\"1 Decembrie_Parada Militara\" style=\"width: 666px; height: 999px;\" \/> <\/a> <\/div> <\/div> <!-- close group --> <div class=\"gallery-group images-3\" style=\"width: 500px; height: 1003px;\" data-original-width=\"500\" data-original-height=\"1003\" > <div class=\"tiled-gallery-item tiled-gallery-item-large\" itemprop=\"associatedMedia\" itemscope itemtype=\"http:\/\/schema.org\/ImageObject\"> <a href=\"https:\/\/i0.wp.com\/cartitaplimbareata.ro\/wp-content\/uploads\/cartitaplimbareata.ro_1_Decembrie_parada_militara_Bucuresti007.jpg?ssl=1\" border=\"0\" itemprop=\"url\" rel=\"lightbox[3674]\"> <meta itemprop=\"width\" content=\"496\"> <meta itemprop=\"height\" content=\"331\"> <img decoding=\"async\" class=\"\" data-attachment-id=\"3680\" data-orig-file=\"https:\/\/cartitaplimbareata.ro\/wp-content\/uploads\/cartitaplimbareata.ro_1_Decembrie_parada_militara_Bucuresti007.jpg\" data-orig-size=\"792,528\" data-comments-opened=\"1\" data-image-meta=\"{&quot;aperture&quot;:&quot;8&quot;,&quot;credit&quot;:&quot;unknown&quot;,&quot;camera&quot;:&quot;Canon EOS 350D DIGITAL&quot;,&quot;caption&quot;:&quot;&quot;,&quot;created_timestamp&quot;:&quot;1228135450&quot;,&quot;copyright&quot;:&quot;www.ione.ro www.cartitaplimbareata.ro&quot;,&quot;focal_length&quot;:&quot;70&quot;,&quot;iso&quot;:&quot;400&quot;,&quot;shutter_speed&quot;:&quot;0.00625&quot;,&quot;title&quot;:&quot;1 Decembrie_Parada Militara&quot;}\" data-image-title=\"1 Decembrie_Parada Militara\" data-image-description=\"\" data-medium-file=\"https:\/\/i0.wp.com\/cartitaplimbareata.ro\/wp-content\/uploads\/cartitaplimbareata.ro_1_Decembrie_parada_militara_Bucuresti007.jpg?fit=188%2C125&#038;ssl=1\" data-large-file=\"https:\/\/i0.wp.com\/cartitaplimbareata.ro\/wp-content\/uploads\/cartitaplimbareata.ro_1_Decembrie_parada_militara_Bucuresti007.jpg?fit=494%2C329&#038;ssl=1\" src=\"https:\/\/i0.wp.com\/cartitaplimbareata.ro\/wp-content\/uploads\/cartitaplimbareata.ro_1_Decembrie_parada_militara_Bucuresti007.jpg?w=496&#038;h=331&#038;ssl=1\" srcset=\"https:\/\/i0.wp.com\/cartitaplimbareata.ro\/wp-content\/uploads\/cartitaplimbareata.ro_1_Decembrie_parada_militara_Bucuresti007.jpg?w=792&amp;ssl=1 792w, https:\/\/i0.wp.com\/cartitaplimbareata.ro\/wp-content\/uploads\/cartitaplimbareata.ro_1_Decembrie_parada_militara_Bucuresti007.jpg?resize=188%2C125&amp;ssl=1 188w, https:\/\/i0.wp.com\/cartitaplimbareata.ro\/wp-content\/uploads\/cartitaplimbareata.ro_1_Decembrie_parada_militara_Bucuresti007.jpg?resize=494%2C329&amp;ssl=1 494w\" width=\"496\" height=\"331\" loading=\"lazy\" data-original-width=\"496\" data-original-height=\"331\" itemprop=\"http:\/\/schema.org\/image\" title=\"1 Decembrie_Parada Militara\" alt=\"1 Decembrie_Parada Militara\" style=\"width: 496px; height: 331px;\" \/> <\/a> <\/div> <div class=\"tiled-gallery-item tiled-gallery-item-large\" itemprop=\"associatedMedia\" itemscope itemtype=\"http:\/\/schema.org\/ImageObject\"> <a href=\"https:\/\/i0.wp.com\/cartitaplimbareata.ro\/wp-content\/uploads\/cartitaplimbareata.ro_1_Decembrie_parada_militara_Bucuresti012.jpg?ssl=1\" border=\"0\" itemprop=\"url\" rel=\"lightbox[3674]\"> <meta itemprop=\"width\" content=\"496\"> <meta itemprop=\"height\" content=\"330\"> <img decoding=\"async\" class=\"\" data-attachment-id=\"3683\" data-orig-file=\"https:\/\/cartitaplimbareata.ro\/wp-content\/uploads\/cartitaplimbareata.ro_1_Decembrie_parada_militara_Bucuresti012.jpg\" data-orig-size=\"792,528\" data-comments-opened=\"1\" data-image-meta=\"{&quot;aperture&quot;:&quot;3.2&quot;,&quot;credit&quot;:&quot;unknown&quot;,&quot;camera&quot;:&quot;Canon EOS 350D DIGITAL&quot;,&quot;caption&quot;:&quot;&quot;,&quot;created_timestamp&quot;:&quot;1291206594&quot;,&quot;copyright&quot;:&quot;www.ione.ro www.cartitaplimbareata.ro&quot;,&quot;focal_length&quot;:&quot;50&quot;,&quot;iso&quot;:&quot;400&quot;,&quot;shutter_speed&quot;:&quot;0.01&quot;,&quot;title&quot;:&quot;1 Decembrie_Parada Militara&quot;}\" data-image-title=\"1 Decembrie_Parada Militara\" data-image-description=\"\" data-medium-file=\"https:\/\/i0.wp.com\/cartitaplimbareata.ro\/wp-content\/uploads\/cartitaplimbareata.ro_1_Decembrie_parada_militara_Bucuresti012.jpg?fit=188%2C125&#038;ssl=1\" data-large-file=\"https:\/\/i0.wp.com\/cartitaplimbareata.ro\/wp-content\/uploads\/cartitaplimbareata.ro_1_Decembrie_parada_militara_Bucuresti012.jpg?fit=494%2C329&#038;ssl=1\" src=\"https:\/\/i0.wp.com\/cartitaplimbareata.ro\/wp-content\/uploads\/cartitaplimbareata.ro_1_Decembrie_parada_militara_Bucuresti012.jpg?w=496&#038;h=330&#038;ssl=1\" srcset=\"https:\/\/i0.wp.com\/cartitaplimbareata.ro\/wp-content\/uploads\/cartitaplimbareata.ro_1_Decembrie_parada_militara_Bucuresti012.jpg?w=792&amp;ssl=1 792w, https:\/\/i0.wp.com\/cartitaplimbareata.ro\/wp-content\/uploads\/cartitaplimbareata.ro_1_Decembrie_parada_militara_Bucuresti012.jpg?resize=188%2C125&amp;ssl=1 188w, https:\/\/i0.wp.com\/cartitaplimbareata.ro\/wp-content\/uploads\/cartitaplimbareata.ro_1_Decembrie_parada_militara_Bucuresti012.jpg?resize=494%2C329&amp;ssl=1 494w\" width=\"496\" height=\"330\" loading=\"lazy\" data-original-width=\"496\" data-original-height=\"330\" itemprop=\"http:\/\/schema.org\/image\" title=\"1 Decembrie_Parada Militara\" alt=\"1 Decembrie_Parada Militara\" style=\"width: 496px; height: 330px;\" \/> <\/a> <\/div> <div class=\"tiled-gallery-item tiled-gallery-item-large\" itemprop=\"associatedMedia\" itemscope itemtype=\"http:\/\/schema.org\/ImageObject\"> <a href=\"https:\/\/i0.wp.com\/cartitaplimbareata.ro\/wp-content\/uploads\/cartitaplimbareata.ro_1_Decembrie_parada_militara_Bucuresti011.jpg?ssl=1\" border=\"0\" itemprop=\"url\" rel=\"lightbox[3674]\"> <meta itemprop=\"width\" content=\"496\"> <meta itemprop=\"height\" content=\"330\"> <img decoding=\"async\" class=\"\" data-attachment-id=\"3682\" data-orig-file=\"https:\/\/cartitaplimbareata.ro\/wp-content\/uploads\/cartitaplimbareata.ro_1_Decembrie_parada_militara_Bucuresti011.jpg\" data-orig-size=\"792,528\" data-comments-opened=\"1\" data-image-meta=\"{&quot;aperture&quot;:&quot;3.2&quot;,&quot;credit&quot;:&quot;unknown&quot;,&quot;camera&quot;:&quot;Canon EOS 350D DIGITAL&quot;,&quot;caption&quot;:&quot;&quot;,&quot;created_timestamp&quot;:&quot;1291206424&quot;,&quot;copyright&quot;:&quot;www.ione.ro www.cartitaplimbareata.ro&quot;,&quot;focal_length&quot;:&quot;50&quot;,&quot;iso&quot;:&quot;400&quot;,&quot;shutter_speed&quot;:&quot;0.008&quot;,&quot;title&quot;:&quot;1 Decembrie_Parada Militara&quot;}\" data-image-title=\"1 Decembrie_Parada Militara\" data-image-description=\"\" data-medium-file=\"https:\/\/i0.wp.com\/cartitaplimbareata.ro\/wp-content\/uploads\/cartitaplimbareata.ro_1_Decembrie_parada_militara_Bucuresti011.jpg?fit=188%2C125&#038;ssl=1\" data-large-file=\"https:\/\/i0.wp.com\/cartitaplimbareata.ro\/wp-content\/uploads\/cartitaplimbareata.ro_1_Decembrie_parada_militara_Bucuresti011.jpg?fit=494%2C329&#038;ssl=1\" src=\"https:\/\/i0.wp.com\/cartitaplimbareata.ro\/wp-content\/uploads\/cartitaplimbareata.ro_1_Decembrie_parada_militara_Bucuresti011.jpg?w=496&#038;h=330&#038;ssl=1\" srcset=\"https:\/\/i0.wp.com\/cartitaplimbareata.ro\/wp-content\/uploads\/cartitaplimbareata.ro_1_Decembrie_parada_militara_Bucuresti011.jpg?w=792&amp;ssl=1 792w, https:\/\/i0.wp.com\/cartitaplimbareata.ro\/wp-content\/uploads\/cartitaplimbareata.ro_1_Decembrie_parada_militara_Bucuresti011.jpg?resize=188%2C125&amp;ssl=1 188w, https:\/\/i0.wp.com\/cartitaplimbareata.ro\/wp-content\/uploads\/cartitaplimbareata.ro_1_Decembrie_parada_militara_Bucuresti011.jpg?resize=494%2C329&amp;ssl=1 494w\" width=\"496\" height=\"330\" loading=\"lazy\" data-original-width=\"496\" data-original-height=\"330\" itemprop=\"http:\/\/schema.org\/image\" title=\"1 Decembrie_Parada Militara\" alt=\"1 Decembrie_Parada Militara\" style=\"width: 496px; height: 330px;\" \/> <\/a> <\/div> <\/div> <!-- close group --> <\/div> <!-- close row --> <div class=\"gallery-row\" style=\"width: 1170px; height: 781px;\" data-original-width=\"1170\" data-original-height=\"781\" > <div class=\"gallery-group images-1\" style=\"width: 1170px; height: 781px;\" data-original-width=\"1170\" data-original-height=\"781\" > <div class=\"tiled-gallery-item tiled-gallery-item-large\" itemprop=\"associatedMedia\" itemscope itemtype=\"http:\/\/schema.org\/ImageObject\"> <a href=\"https:\/\/i0.wp.com\/cartitaplimbareata.ro\/wp-content\/uploads\/cartitaplimbareata.ro_1_Decembrie_parada_militara_Bucuresti008.jpg?ssl=1\" border=\"0\" itemprop=\"url\" rel=\"lightbox[3674]\"> <meta itemprop=\"width\" content=\"1166\"> <meta itemprop=\"height\" content=\"777\"> <img decoding=\"async\" class=\"\" data-attachment-id=\"3681\" data-orig-file=\"https:\/\/cartitaplimbareata.ro\/wp-content\/uploads\/cartitaplimbareata.ro_1_Decembrie_parada_militara_Bucuresti008.jpg\" data-orig-size=\"792,528\" data-comments-opened=\"1\" data-image-meta=\"{&quot;aperture&quot;:&quot;6.3&quot;,&quot;credit&quot;:&quot;unknown&quot;,&quot;camera&quot;:&quot;Canon EOS 350D DIGITAL&quot;,&quot;caption&quot;:&quot;&quot;,&quot;created_timestamp&quot;:&quot;1228135808&quot;,&quot;copyright&quot;:&quot;www.ione.ro www.cartitaplimbareata.ro&quot;,&quot;focal_length&quot;:&quot;70&quot;,&quot;iso&quot;:&quot;400&quot;,&quot;shutter_speed&quot;:&quot;0.00625&quot;,&quot;title&quot;:&quot;1 Decembrie_Parada Militara&quot;}\" data-image-title=\"1 Decembrie_Parada Militara\" data-image-description=\"\" data-medium-file=\"https:\/\/i0.wp.com\/cartitaplimbareata.ro\/wp-content\/uploads\/cartitaplimbareata.ro_1_Decembrie_parada_militara_Bucuresti008.jpg?fit=188%2C125&#038;ssl=1\" data-large-file=\"https:\/\/i0.wp.com\/cartitaplimbareata.ro\/wp-content\/uploads\/cartitaplimbareata.ro_1_Decembrie_parada_militara_Bucuresti008.jpg?fit=494%2C329&#038;ssl=1\" src=\"https:\/\/i0.wp.com\/cartitaplimbareata.ro\/wp-content\/uploads\/cartitaplimbareata.ro_1_Decembrie_parada_militara_Bucuresti008.jpg?w=1166&#038;h=777&#038;ssl=1\" srcset=\"https:\/\/i0.wp.com\/cartitaplimbareata.ro\/wp-content\/uploads\/cartitaplimbareata.ro_1_Decembrie_parada_militara_Bucuresti008.jpg?w=792&amp;ssl=1 792w, https:\/\/i0.wp.com\/cartitaplimbareata.ro\/wp-content\/uploads\/cartitaplimbareata.ro_1_Decembrie_parada_militara_Bucuresti008.jpg?resize=188%2C125&amp;ssl=1 188w, https:\/\/i0.wp.com\/cartitaplimbareata.ro\/wp-content\/uploads\/cartitaplimbareata.ro_1_Decembrie_parada_militara_Bucuresti008.jpg?resize=494%2C329&amp;ssl=1 494w\" width=\"1166\" height=\"777\" loading=\"lazy\" data-original-width=\"1166\" data-original-height=\"777\" itemprop=\"http:\/\/schema.org\/image\" title=\"1 Decembrie_Parada Militara\" alt=\"1 Decembrie_Parada Militara\" style=\"width: 1166px; height: 777px;\" \/> <\/a> <\/div> <\/div> <!-- close group --> <\/div> <!-- close row --> <\/div>\n","protected":false},"excerpt":{"rendered":"<p>\u00cen sf\u00e2r\u015fit o zi de 1 Decembrie frumoas\u0103. Cel pu\u0163in, dac\u0103 ne lu\u0103m dup\u0103 cei de la meteo, a\u015fa ar trebui s\u0103 fie. \u015ei chiar dac\u0103 ar fi fost vremea [&hellip;]<\/p>\n","protected":false},"author":1,"featured_media":3689,"comment_status":"open","ping_status":"open","sticky":false,"template":"","format":"standard","meta":{"ngg_post_thumbnail":0,"jetpack_post_was_ever_published":false,"_jetpack_newsletter_access":"","_jetpack_dont_email_post_to_subs":true,"_jetpack_newsletter_tier_id":0,"_jetpack_memberships_contains_paywalled_content":false,"_jetpack_memberships_contains_paid_content":false,"footnotes":"","jetpack_publicize_message":"","jetpack_publicize_feature_enabled":true,"jetpack_social_post_already_shared":false,"jetpack_social_options":{"image_generator_settings":{"template":"highway","default_image_id":0,"font":"","enabled":false},"version":2}},"categories":[35,25,30,1],"tags":[68],"class_list":["post-3674","post","type-post","status-publish","format-standard","has-post-thumbnail","hentry","category-blog","category-de-oras","category-sate-si-traditii","category-uncategorized","tag-bucuresti"],"aioseo_notices":[],"jetpack_publicize_connections":[],"jetpack_featured_media_url":"https:\/\/i0.wp.com\/cartitaplimbareata.ro\/wp-content\/uploads\/cartitaplimbareata.ro_1_Decembrie_parada_militara_Bucuresti020-e1342102000357.jpg?fit=792%2C528&ssl=1","jetpack_sharing_enabled":true,"jetpack_shortlink":"https:\/\/wp.me\/p65bIc-Xg","_links":{"self":[{"href":"https:\/\/cartitaplimbareata.ro\/index.php\/wp-json\/wp\/v2\/posts\/3674","targetHints":{"allow":["GET"]}}],"collection":[{"href":"https:\/\/cartitaplimbareata.ro\/index.php\/wp-json\/wp\/v2\/posts"}],"about":[{"href":"https:\/\/cartitaplimbareata.ro\/index.php\/wp-json\/wp\/v2\/types\/post"}],"author":[{"embeddable":true,"href":"https:\/\/cartitaplimbareata.ro\/index.php\/wp-json\/wp\/v2\/users\/1"}],"replies":[{"embeddable":true,"href":"https:\/\/cartitaplimbareata.ro\/index.php\/wp-json\/wp\/v2\/comments?post=3674"}],"version-history":[{"count":27,"href":"https:\/\/cartitaplimbareata.ro\/index.php\/wp-json\/wp\/v2\/posts\/3674\/revisions"}],"predecessor-version":[{"id":11188,"href":"https:\/\/cartitaplimbareata.ro\/index.php\/wp-json\/wp\/v2\/posts\/3674\/revisions\/11188"}],"wp:featuredmedia":[{"embeddable":true,"href":"https:\/\/cartitaplimbareata.ro\/index.php\/wp-json\/wp\/v2\/media\/3689"}],"wp:attachment":[{"href":"https:\/\/cartitaplimbareata.ro\/index.php\/wp-json\/wp\/v2\/media?parent=3674"}],"wp:term":[{"taxonomy":"category","embeddable":true,"href":"https:\/\/cartitaplimbareata.ro\/index.php\/wp-json\/wp\/v2\/categories?post=3674"},{"taxonomy":"post_tag","embeddable":true,"href":"https:\/\/cartitaplimbareata.ro\/index.php\/wp-json\/wp\/v2\/tags?post=3674"}],"curies":[{"name":"wp","href":"https:\/\/api.w.org\/{rel}","templated":true}]}}