{"id":4285,"date":"2012-05-16T16:50:33","date_gmt":"2012-05-16T16:50:33","guid":{"rendered":"http:\/\/cartitaplimbareata.ro\/?p=4285"},"modified":"2012-12-08T07:40:35","modified_gmt":"2012-12-08T07:40:35","slug":"rimetea-torocko-depresiunea-trascau-alba","status":"publish","type":"post","link":"https:\/\/cartitaplimbareata.ro\/index.php\/4285\/rimetea-torocko-depresiunea-trascau-alba\/","title":{"rendered":"R\u00eemetea (Torock\u00f3), Depresiunea Trasc\u0103u, Alba"},"content":{"rendered":"<p>Pare ciudat dar chiar po\u0163i s\u0103 ie\u015fi din Rom\u00e2nia f\u0103r\u0103 s\u0103 treci grani\u0163a. De fapt tot treci o grani\u0163\u0103, una virtual\u0103 ce e drept, c\u0103tre un loc \u00een care oamenii, \u00een loc s\u0103 distrug\u0103 trecutul, au \u00eenv\u0103\u0163at s\u0103 \u00eel pre\u0163uiasc\u0103 \u015fi s\u0103 \u00eel valorifice.<\/p>\n<p>Localitatea pare suspendat\u0103. Suspendat\u0103 de dou\u0103 ori :-).<br \/>\n\u00cen primul r\u00e2nd R\u00eemetea e suspendat\u0103 geografic. Parc\u0103 nu e nici \u00een munte, dar nici jos \u00een depresiunea Transilvaniei \u015fi nu \u015ftie s\u0103 aleag\u0103 \u00eentre r\u0103coarea p\u0103durilor \u015fi<br \/>\nar\u015fi\u0163a unor autentice veri de c\u00e2mpie. R\u00eemetea e a\u015fezat\u0103 lene\u015f \u00een Depresiunea Trasc\u0103ului, \u015fi flancat\u0103 la est de Piatra Secuilor, cel mai nordic bastion din bara de calcare \u015fi pere\u0163i verticali ai mun\u0163ilor Trasc\u0103u. \u00cen R\u00eemetea po\u0163i ajunge pe DN DJ 107M, ce str\u0103bate Depresiunea Trasc\u0103ului \u015fi face leg\u0103tura \u00eentre Aiud, \u00een sud, \u015fi Buru, \u00een nord. Drumul e reabilitat de cur\u00e2nd, cu excep\u0163ia unei por\u0163iuni de c\u00e2\u0163iva kilometri \u00een zona localit\u0103\u0163ii Buru, \u015fi este extrem de pitoresc, str\u0103b\u0103t\u00e2nd \u00een sud Cheile V\u0103li\u0219oarei.<\/p>\n<p>R\u00eemetea e suspendat\u0103 \u015fi \u00een timp. Dac\u0103 nu ai vedea ma\u015fini sau autocare cu turi\u015fti (aproape \u00een totalitate maghiari sau germani) ai putea da u\u015for timpul \u00eenapoi cu mai bine de un secol. E lini\u015fte de \u00ee\u0163i \u0163iuie urechile, nu tu reclame Coca Cola, umbrele GoldenBrau sau bannere cu primari, nu tu c\u0103soaie P + 2, 3, 4&#8230;, nu tu arz\u0103tori de gaz \u0219i sp\u0103rg\u0103tori de semin\u021be pe la por\u021bi.<br \/>\nNu o s\u0103 vezi a\u0219a ceva. \u00cen schimb o s\u0103 vezi un sat \u015fi o comunitate care au \u015ftiut s\u0103 \u00ee\u015fi pun\u0103 \u00een valoare trecutul \u015fi identitatea. O s\u0103 vezi un sat \u00een care aproape toate casele sunt restaurate \u0219i i\u0219i p\u0103streaz\u0103 aspectul de acum o sut\u0103 \u0219i mai bine de ani. O s\u0103 te uimeasc\u0103 puternicul \u015fi permanentul contrast \u00eentre albul imaculat al pere\u0163ilor \u015fi verdele t\u00e2mpl\u0103riei ferestrelor ori nelipsitele mu\u015fcate ro\u015fii \u015fi petunii. O s\u0103 vezi \u00een R\u00eemetea cum rufele \u00eenc\u0103 se mai spal\u0103 \u00een fa\u0163a caselor sau la bazinul din centrul satului sau cum firmele c\u00e2torva restaurante sunt mici, discrete \u015fi f\u0103cute din lemn, tocmai pentru a nu strica echilibrul \u015fi armonia vizual\u0103.<\/p>\n<p>\u015ei pentru c\u0103 a avut gij\u0103 de trecut \u015fi \u015fi-a conservat unicitatea, comunitatea local\u0103 se poate m\u00e2ndri cu recunoa\u015fterea \u00eentregii Europe. Astfel, Programul de Protec\u0163ie a Patrimoniului din R\u00eemetea (ce a inclus restaurarea a 138 de case de secol XIX fiind sponsorizat de Prim\u0103ria Sectorului V din Budapesta) a fost premiat \u00een 1999 cu medalia Europa Nostra, aceasta fiind prima distinc\u0163ie de acest fel acordat\u0103 \u00een Rom\u00e2nia. \u015ei ca lucrurile s\u0103 mearg\u0103 \u015fi mai bine pe viitor, vestea cea bun\u0103 este c\u0103, de cur\u00e2nd, R\u00eemetea a fost inclus\u0103 pe lista de propuneri a Rom\u00e2niei pentru Patrimoniul Mondial UNESCO.<\/p>\n<p>A\u015fa c\u0103 merit\u0103 \u00eencercat\u0103 o excursie \u00een afara \u0163\u0103rii, \u00een \u0163ar\u0103 \ud83d\ude42 .<\/p>\n<p><strong>Vezi \u015fi:<br \/>\n<\/strong><strong><strong>C\u00e2rti\u0163a: <a href=\"http:\/\/cartitaplimbareata.ro\/index.php\/2584\/cetatea-coltesti\/\" target=\"_blank\">Cetatea Col\u0163e\u015fti, R\u00eemetea<\/a>,<strong> <a href=\"http:\/\/cartitaplimbareata.ro\/index.php\/2463\/cheile-rametului-muntii-trascau\/\" target=\"_blank\">Cheile R\u00e2me\u0163ului, Mun\u0163ii Trasc\u0103u<\/a>, <a href=\"http:\/\/cartitaplimbareata.ro\/index.php\/3533\/salina-turda\/\">Salina Turda<br \/>\n<\/a><\/strong><\/strong><\/strong><strong><strong>Extern: <a href=\"http:\/\/maps.google.com\/maps?hl=en&amp;ie=UTF8&amp;ll=46.44596,23.56885&amp;spn=0.050684,0.132093&amp;hnear=Bra%C8%99ov,+Brasov,+Romania&amp;t=h&amp;z=14\" target=\"_blank\">Harta<\/a><\/strong><\/strong><\/p>\n<p><strong> <strong><\/strong><br \/>\n<\/strong><strong><br \/>\n<\/strong><\/p>\n","protected":false},"excerpt":{"rendered":"<p>Pare ciudat dar chiar po\u0163i s\u0103 ie\u015fi din Rom\u00e2nia f\u0103r\u0103 s\u0103 treci grani\u0163a. De fapt tot treci o grani\u0163\u0103, una virtual\u0103 ce e drept, c\u0103tre un loc \u00een care oamenii, [&hellip;]<\/p>\n","protected":false},"author":1,"featured_media":4296,"comment_status":"open","ping_status":"open","sticky":false,"template":"","format":"standard","meta":{"ngg_post_thumbnail":0,"jetpack_post_was_ever_published":false,"_jetpack_newsletter_access":"","_jetpack_dont_email_post_to_subs":false,"_jetpack_newsletter_tier_id":0,"_jetpack_memberships_contains_paywalled_content":false,"_jetpack_memberships_contains_paid_content":false,"footnotes":"","jetpack_publicize_message":"","jetpack_publicize_feature_enabled":true,"jetpack_social_post_already_shared":false,"jetpack_social_options":{"image_generator_settings":{"template":"highway","default_image_id":0,"font":"","enabled":false},"version":2}},"categories":[35],"tags":[64],"class_list":["post-4285","post","type-post","status-publish","format-standard","has-post-thumbnail","hentry","category-blog","tag-alba"],"aioseo_notices":[],"jetpack_publicize_connections":[],"jetpack_featured_media_url":"https:\/\/i0.wp.com\/cartitaplimbareata.ro\/wp-content\/uploads\/Rimetea_Torocko_Alba_Trascau_cartitaplimbareata_011.jpg?fit=792%2C528&ssl=1","jetpack_sharing_enabled":true,"jetpack_shortlink":"https:\/\/wp.me\/p65bIc-177","_links":{"self":[{"href":"https:\/\/cartitaplimbareata.ro\/index.php\/wp-json\/wp\/v2\/posts\/4285","targetHints":{"allow":["GET"]}}],"collection":[{"href":"https:\/\/cartitaplimbareata.ro\/index.php\/wp-json\/wp\/v2\/posts"}],"about":[{"href":"https:\/\/cartitaplimbareata.ro\/index.php\/wp-json\/wp\/v2\/types\/post"}],"author":[{"embeddable":true,"href":"https:\/\/cartitaplimbareata.ro\/index.php\/wp-json\/wp\/v2\/users\/1"}],"replies":[{"embeddable":true,"href":"https:\/\/cartitaplimbareata.ro\/index.php\/wp-json\/wp\/v2\/comments?post=4285"}],"version-history":[{"count":56,"href":"https:\/\/cartitaplimbareata.ro\/index.php\/wp-json\/wp\/v2\/posts\/4285\/revisions"}],"predecessor-version":[{"id":5643,"href":"https:\/\/cartitaplimbareata.ro\/index.php\/wp-json\/wp\/v2\/posts\/4285\/revisions\/5643"}],"wp:featuredmedia":[{"embeddable":true,"href":"https:\/\/cartitaplimbareata.ro\/index.php\/wp-json\/wp\/v2\/media\/4296"}],"wp:attachment":[{"href":"https:\/\/cartitaplimbareata.ro\/index.php\/wp-json\/wp\/v2\/media?parent=4285"}],"wp:term":[{"taxonomy":"category","embeddable":true,"href":"https:\/\/cartitaplimbareata.ro\/index.php\/wp-json\/wp\/v2\/categories?post=4285"},{"taxonomy":"post_tag","embeddable":true,"href":"https:\/\/cartitaplimbareata.ro\/index.php\/wp-json\/wp\/v2\/tags?post=4285"}],"curies":[{"name":"wp","href":"https:\/\/api.w.org\/{rel}","templated":true}]}}