{"id":4315,"date":"2012-09-25T09:49:52","date_gmt":"2012-09-25T09:49:52","guid":{"rendered":"http:\/\/cartitaplimbareata.ro\/?p=4315"},"modified":"2020-04-13T15:01:54","modified_gmt":"2020-04-13T15:01:54","slug":"simfonia-lalelelor-incepeee-cand-maine-27-aprilie-la-pitesti","status":"publish","type":"post","link":"https:\/\/cartitaplimbareata.ro\/index.php\/4315\/simfonia-lalelelor-incepeee-cand-maine-27-aprilie-la-pitesti\/","title":{"rendered":"Simfonia lalelelor \u00eencepeee\u2026 c\u00e2nd? M\u00e2ine, 27 Aprilie la Pite\u0219ti\u2026"},"content":{"rendered":"<p><a href=\"https:\/\/i0.wp.com\/cartitaplimbareata.ro\/wp-content\/uploads\/0006_Pitesti-Festivalul-lalelelor_2011_01_017.jpg\" data-rel=\"lightbox-image-0\" data-rl_title=\"\" data-rl_caption=\"\"><img data-recalc-dims=\"1\" loading=\"lazy\" decoding=\"async\" data-attachment-id=\"994\" data-permalink=\"https:\/\/cartitaplimbareata.ro\/index.php\/977\/festivalul-lalelelor-pitesti\/0006_pitesti-festivalul-lalelelor_2011_01_017\/\" data-orig-file=\"https:\/\/i0.wp.com\/cartitaplimbareata.ro\/wp-content\/uploads\/0006_Pitesti-Festivalul-lalelelor_2011_01_017.jpg?fit=800%2C533&amp;ssl=1\" data-orig-size=\"800,533\" data-comments-opened=\"1\" data-image-meta=\"{&quot;aperture&quot;:&quot;0&quot;,&quot;credit&quot;:&quot;&quot;,&quot;camera&quot;:&quot;&quot;,&quot;caption&quot;:&quot;&quot;,&quot;created_timestamp&quot;:&quot;0&quot;,&quot;copyright&quot;:&quot;&quot;,&quot;focal_length&quot;:&quot;0&quot;,&quot;iso&quot;:&quot;0&quot;,&quot;shutter_speed&quot;:&quot;0&quot;,&quot;title&quot;:&quot;&quot;}\" data-image-title=\"0006_Pitesti Festivalul lalelelor_(2011_01)_017\" data-image-description=\"\" data-image-caption=\"\" data-medium-file=\"https:\/\/i0.wp.com\/cartitaplimbareata.ro\/wp-content\/uploads\/0006_Pitesti-Festivalul-lalelelor_2011_01_017.jpg?fit=188%2C125&amp;ssl=1\" data-large-file=\"https:\/\/i0.wp.com\/cartitaplimbareata.ro\/wp-content\/uploads\/0006_Pitesti-Festivalul-lalelelor_2011_01_017.jpg?fit=494%2C329&amp;ssl=1\" class=\"alignleft size-large wp-image-994\" title=\"\" src=\"https:\/\/i0.wp.com\/cartitaplimbareata.ro\/wp-content\/uploads\/0006_Pitesti-Festivalul-lalelelor_2011_01_017-494x329.jpg?resize=494%2C329\" alt=\"\" width=\"494\" height=\"329\" srcset=\"https:\/\/i0.wp.com\/cartitaplimbareata.ro\/wp-content\/uploads\/0006_Pitesti-Festivalul-lalelelor_2011_01_017.jpg?resize=494%2C329&amp;ssl=1 494w, https:\/\/i0.wp.com\/cartitaplimbareata.ro\/wp-content\/uploads\/0006_Pitesti-Festivalul-lalelelor_2011_01_017.jpg?resize=188%2C125&amp;ssl=1 188w, https:\/\/i0.wp.com\/cartitaplimbareata.ro\/wp-content\/uploads\/0006_Pitesti-Festivalul-lalelelor_2011_01_017.jpg?w=800&amp;ssl=1 800w\" sizes=\"auto, (max-width: 494px) 100vw, 494px\" \/><\/a>P\u00e2n\u0103 duminic\u0103 ve\u021bi putea admira ora\u0219ul \u00een straie de s\u0103rb\u0103toare, cu concerte \u0219i parade ale florilor \u0219i cu lalele divers colorate din centru, pe orice strad\u0103 ai lua-o, le po\u021bi vedea la tot pasul, c\u0103 doar e\u0219ti \u00een Ora\u0219ul lalelelor &#8211; Pite\u0219ti.<\/p>\n","protected":false},"excerpt":{"rendered":"<p>P\u00e2n\u0103 duminic\u0103 ve\u021bi putea admira ora\u0219ul \u00een straie de s\u0103rb\u0103toare, cu concerte \u0219i parade ale florilor \u0219i cu lalele divers colorate din centru, pe orice strad\u0103 ai lua-o, le po\u021bi [&hellip;]<\/p>\n","protected":false},"author":1,"featured_media":994,"comment_status":"open","ping_status":"open","sticky":false,"template":"","format":"standard","meta":{"ngg_post_thumbnail":0,"jetpack_post_was_ever_published":false,"_jetpack_newsletter_access":"","_jetpack_dont_email_post_to_subs":false,"_jetpack_newsletter_tier_id":0,"_jetpack_memberships_contains_paywalled_content":false,"_jetpack_memberships_contains_paid_content":false,"footnotes":"","jetpack_publicize_message":"","jetpack_publicize_feature_enabled":true,"jetpack_social_post_already_shared":false,"jetpack_social_options":{"image_generator_settings":{"template":"highway","default_image_id":0,"font":"","enabled":false},"version":2}},"categories":[25,30],"tags":[51],"class_list":["post-4315","post","type-post","status-publish","format-standard","has-post-thumbnail","hentry","category-de-oras","category-sate-si-traditii","tag-arges"],"aioseo_notices":[],"jetpack_publicize_connections":[],"jetpack_featured_media_url":"https:\/\/i0.wp.com\/cartitaplimbareata.ro\/wp-content\/uploads\/0006_Pitesti-Festivalul-lalelelor_2011_01_017.jpg?fit=800%2C533&ssl=1","jetpack_sharing_enabled":true,"jetpack_shortlink":"https:\/\/wp.me\/p65bIc-17B","_links":{"self":[{"href":"https:\/\/cartitaplimbareata.ro\/index.php\/wp-json\/wp\/v2\/posts\/4315","targetHints":{"allow":["GET"]}}],"collection":[{"href":"https:\/\/cartitaplimbareata.ro\/index.php\/wp-json\/wp\/v2\/posts"}],"about":[{"href":"https:\/\/cartitaplimbareata.ro\/index.php\/wp-json\/wp\/v2\/types\/post"}],"author":[{"embeddable":true,"href":"https:\/\/cartitaplimbareata.ro\/index.php\/wp-json\/wp\/v2\/users\/1"}],"replies":[{"embeddable":true,"href":"https:\/\/cartitaplimbareata.ro\/index.php\/wp-json\/wp\/v2\/comments?post=4315"}],"version-history":[{"count":10,"href":"https:\/\/cartitaplimbareata.ro\/index.php\/wp-json\/wp\/v2\/posts\/4315\/revisions"}],"predecessor-version":[{"id":5455,"href":"https:\/\/cartitaplimbareata.ro\/index.php\/wp-json\/wp\/v2\/posts\/4315\/revisions\/5455"}],"wp:featuredmedia":[{"embeddable":true,"href":"https:\/\/cartitaplimbareata.ro\/index.php\/wp-json\/wp\/v2\/media\/994"}],"wp:attachment":[{"href":"https:\/\/cartitaplimbareata.ro\/index.php\/wp-json\/wp\/v2\/media?parent=4315"}],"wp:term":[{"taxonomy":"category","embeddable":true,"href":"https:\/\/cartitaplimbareata.ro\/index.php\/wp-json\/wp\/v2\/categories?post=4315"},{"taxonomy":"post_tag","embeddable":true,"href":"https:\/\/cartitaplimbareata.ro\/index.php\/wp-json\/wp\/v2\/tags?post=4315"}],"curies":[{"name":"wp","href":"https:\/\/api.w.org\/{rel}","templated":true}]}}