{"id":6061,"date":"2013-01-12T13:47:28","date_gmt":"2013-01-12T13:47:28","guid":{"rendered":"http:\/\/cartitaplimbareata.ro\/?p=6061"},"modified":"2013-01-12T15:11:12","modified_gmt":"2013-01-12T15:11:12","slug":"cetatea-dacica-de-la-capalna-muntii-sureanu","status":"publish","type":"post","link":"https:\/\/cartitaplimbareata.ro\/index.php\/6061\/cetatea-dacica-de-la-capalna-muntii-sureanu\/","title":{"rendered":"Cetatea dacica de la Capalna, Muntii Sureanu"},"content":{"rendered":"<p>Parca maine o sa auzim la stiri ca se redeschide Transalpina asa ca ar fi fain sa avem planul de bataie deja facut pentru zilele de primavara si vara care o sa vina.<\/p>\n<p>In 2011, in tura noastra de 16 zile prin Romania, dupa ce am batut cateva trasee pe sus pe culmea Parangului, in drum spre Sebes si, mai departe, spre Muntii Trascaului, dupa ce am trecut de Obarsia Lotrului, ne-am hotarat sa dam o oprire si la Cetatea Dacica de la Capalna, pentru ca ne lipsea de pe lista.<\/p>\n<p>Cu ceva ani in urma (cand fotografiile nu erau digitale) am vazut si Sarmizegetusa Regia, Costesti, Blidaru, ba chiar am urcat si ne-am rupt oasele si sus, la Cetatea Banitei, toate incluse pe lista UNESCO a patrimoniului cultural mondial. Cum si Capalna e inclusa aici si nu o vazusem am zis ca merita bagata o fisa, chiar daca se cam lasa seara si vremea nu era prea stralucita.<\/p>\n<p>Nu este vorba despre Capalna cea cu &#8220;Dansul fetelor de la Capalna&#8221; care nu e departe de aici, tot in Judetul Alba, pe valea Tarnavei Mici, langa Jidvei ci de Capalna de pe valea Sebesului.<\/p>\n<p><a href=\"https:\/\/i0.wp.com\/cartitaplimbareata.ro\/wp-content\/uploads\/Cartitaplimbareata_cetatea_dacica_Capalna_Alba_Patrimoniu_UNESCO_030.jpg\" data-rel=\"lightbox-image-0\" data-rl_title=\"\" data-rl_caption=\"\"><img data-recalc-dims=\"1\" loading=\"lazy\" decoding=\"async\" data-attachment-id=\"6072\" data-permalink=\"https:\/\/cartitaplimbareata.ro\/index.php\/6061\/cetatea-dacica-de-la-capalna-muntii-sureanu\/cartitaplimbareata_cetatea_dacica_capalna_alba_patrimoniu_unesco_030\/\" data-orig-file=\"https:\/\/i0.wp.com\/cartitaplimbareata.ro\/wp-content\/uploads\/Cartitaplimbareata_cetatea_dacica_Capalna_Alba_Patrimoniu_UNESCO_030.jpg?fit=704%2C528&amp;ssl=1\" data-orig-size=\"704,528\" data-comments-opened=\"1\" data-image-meta=\"{&quot;aperture&quot;:&quot;4&quot;,&quot;credit&quot;:&quot;&quot;,&quot;camera&quot;:&quot;Canon PowerShot A580&quot;,&quot;caption&quot;:&quot;&quot;,&quot;created_timestamp&quot;:&quot;1312917045&quot;,&quot;copyright&quot;:&quot;&quot;,&quot;focal_length&quot;:&quot;12.643&quot;,&quot;iso&quot;:&quot;400&quot;,&quot;shutter_speed&quot;:&quot;0.005&quot;,&quot;title&quot;:&quot;&quot;}\" data-image-title=\"Cetatea dacica de la Capalna  -indicatorul din localitate. Doi km pana la cetate\" data-image-description=\"\" data-image-caption=\"\" data-medium-file=\"https:\/\/i0.wp.com\/cartitaplimbareata.ro\/wp-content\/uploads\/Cartitaplimbareata_cetatea_dacica_Capalna_Alba_Patrimoniu_UNESCO_030.jpg?fit=288%2C216&amp;ssl=1\" data-large-file=\"https:\/\/i0.wp.com\/cartitaplimbareata.ro\/wp-content\/uploads\/Cartitaplimbareata_cetatea_dacica_Capalna_Alba_Patrimoniu_UNESCO_030.jpg?fit=494%2C370&amp;ssl=1\" class=\"alignleft size-large wp-image-6072\" title=\"\" src=\"https:\/\/i0.wp.com\/cartitaplimbareata.ro\/wp-content\/uploads\/Cartitaplimbareata_cetatea_dacica_Capalna_Alba_Patrimoniu_UNESCO_030-494x370.jpg?resize=494%2C370\" alt=\"\" width=\"494\" height=\"370\" srcset=\"https:\/\/i0.wp.com\/cartitaplimbareata.ro\/wp-content\/uploads\/Cartitaplimbareata_cetatea_dacica_Capalna_Alba_Patrimoniu_UNESCO_030.jpg?resize=494%2C370&amp;ssl=1 494w, https:\/\/i0.wp.com\/cartitaplimbareata.ro\/wp-content\/uploads\/Cartitaplimbareata_cetatea_dacica_Capalna_Alba_Patrimoniu_UNESCO_030.jpg?resize=288%2C216&amp;ssl=1 288w, https:\/\/i0.wp.com\/cartitaplimbareata.ro\/wp-content\/uploads\/Cartitaplimbareata_cetatea_dacica_Capalna_Alba_Patrimoniu_UNESCO_030.jpg?w=704&amp;ssl=1 704w\" sizes=\"auto, (max-width: 494px) 100vw, 494px\" \/><\/a><\/p>\n<p>Din sud, de la Obarsia Lotrului, pe DN 67C, coborand pe Valea Sebesului am trecut pe rand de lacul Oasa\u00a0si Tau Bistra pentru ca, dupa Martinie, sa trecem si de lacul Obreja de Capalna si sa intram efectiv in localitatea Capalna. In sat cateva indicatoare iti arata drumul spre cetate si daca te ghidezi dupa ele gasesti si un loc unde sa parchezi masina, fix in locul de unde incepe traseul.<\/p>\n<p><a href=\"https:\/\/i0.wp.com\/cartitaplimbareata.ro\/wp-content\/uploads\/Cartitaplimbareata_cetatea_dacica_Capalna_Alba_Patrimoniu_UNESCO_045.jpg\" data-rel=\"lightbox-image-1\" data-rl_title=\"\" data-rl_caption=\"\"><img data-recalc-dims=\"1\" loading=\"lazy\" decoding=\"async\" data-attachment-id=\"6087\" data-permalink=\"https:\/\/cartitaplimbareata.ro\/index.php\/6061\/cetatea-dacica-de-la-capalna-muntii-sureanu\/cartitaplimbareata_cetatea_dacica_capalna_alba_patrimoniu_unesco_045\/\" data-orig-file=\"https:\/\/i0.wp.com\/cartitaplimbareata.ro\/wp-content\/uploads\/Cartitaplimbareata_cetatea_dacica_Capalna_Alba_Patrimoniu_UNESCO_045.jpg?fit=792%2C528&amp;ssl=1\" data-orig-size=\"792,528\" data-comments-opened=\"1\" data-image-meta=\"{&quot;aperture&quot;:&quot;5.6&quot;,&quot;credit&quot;:&quot;&quot;,&quot;camera&quot;:&quot;Canon EOS 40D&quot;,&quot;caption&quot;:&quot;&quot;,&quot;created_timestamp&quot;:&quot;1312911261&quot;,&quot;copyright&quot;:&quot;&quot;,&quot;focal_length&quot;:&quot;10&quot;,&quot;iso&quot;:&quot;800&quot;,&quot;shutter_speed&quot;:&quot;0.00625&quot;,&quot;title&quot;:&quot;&quot;}\" data-image-title=\"Cetatea dacica de la Capalna  &amp;#8211; turnul locuinta\" data-image-description=\"\" data-image-caption=\"\" data-medium-file=\"https:\/\/i0.wp.com\/cartitaplimbareata.ro\/wp-content\/uploads\/Cartitaplimbareata_cetatea_dacica_Capalna_Alba_Patrimoniu_UNESCO_045.jpg?fit=288%2C192&amp;ssl=1\" data-large-file=\"https:\/\/i0.wp.com\/cartitaplimbareata.ro\/wp-content\/uploads\/Cartitaplimbareata_cetatea_dacica_Capalna_Alba_Patrimoniu_UNESCO_045.jpg?fit=494%2C329&amp;ssl=1\" class=\"alignleft size-large wp-image-6087\" title=\"\" src=\"https:\/\/i0.wp.com\/cartitaplimbareata.ro\/wp-content\/uploads\/Cartitaplimbareata_cetatea_dacica_Capalna_Alba_Patrimoniu_UNESCO_045-494x329.jpg?resize=494%2C329\" alt=\"\" width=\"494\" height=\"329\" srcset=\"https:\/\/i0.wp.com\/cartitaplimbareata.ro\/wp-content\/uploads\/Cartitaplimbareata_cetatea_dacica_Capalna_Alba_Patrimoniu_UNESCO_045.jpg?resize=494%2C329&amp;ssl=1 494w, https:\/\/i0.wp.com\/cartitaplimbareata.ro\/wp-content\/uploads\/Cartitaplimbareata_cetatea_dacica_Capalna_Alba_Patrimoniu_UNESCO_045.jpg?resize=288%2C192&amp;ssl=1 288w, https:\/\/i0.wp.com\/cartitaplimbareata.ro\/wp-content\/uploads\/Cartitaplimbareata_cetatea_dacica_Capalna_Alba_Patrimoniu_UNESCO_045.jpg?w=792&amp;ssl=1 792w\" sizes=\"auto, (max-width: 494px) 100vw, 494px\" \/><\/a><\/p>\n<p>Dupa ce ne-am setat in minte &#8220;2 kilometri&#8221; pentru ca asa spune indicatorul, am pornit la drum prin curtile si gradinile oamenilor \u00a0de unde \u00a0ne-am aprovizionat si cu ceva mere rosii ca focul si cu cateva pere aromate. Bine am facut pentru ca cei doi kilometri cred ca au fost masurati in linie dreapta si nicidecum pe poteca serpuita care pe alocuri urca zdravan prin padure. Cu totul sa tot fie vreo 5 kilometri pana sus la cetate, dar traseul se merita cu varf si indesat pentru ca sus, padurea de fag iti ofera un peisaj de poveste.<\/p>\n<p><a href=\"https:\/\/i0.wp.com\/cartitaplimbareata.ro\/wp-content\/uploads\/Cartitaplimbareata_cetatea_dacica_Capalna_Alba_Patrimoniu_UNESCO_028.jpg\" data-rel=\"lightbox-image-2\" data-rl_title=\"\" data-rl_caption=\"\"><img data-recalc-dims=\"1\" loading=\"lazy\" decoding=\"async\" data-attachment-id=\"6070\" data-permalink=\"https:\/\/cartitaplimbareata.ro\/index.php\/6061\/cetatea-dacica-de-la-capalna-muntii-sureanu\/cartitaplimbareata_cetatea_dacica_capalna_alba_patrimoniu_unesco_028\/\" data-orig-file=\"https:\/\/i0.wp.com\/cartitaplimbareata.ro\/wp-content\/uploads\/Cartitaplimbareata_cetatea_dacica_Capalna_Alba_Patrimoniu_UNESCO_028.jpg?fit=704%2C528&amp;ssl=1\" data-orig-size=\"704,528\" data-comments-opened=\"1\" data-image-meta=\"{&quot;aperture&quot;:&quot;3.5&quot;,&quot;credit&quot;:&quot;&quot;,&quot;camera&quot;:&quot;Canon PowerShot A580&quot;,&quot;caption&quot;:&quot;&quot;,&quot;created_timestamp&quot;:&quot;1312916485&quot;,&quot;copyright&quot;:&quot;&quot;,&quot;focal_length&quot;:&quot;9.984&quot;,&quot;iso&quot;:&quot;400&quot;,&quot;shutter_speed&quot;:&quot;0.01&quot;,&quot;title&quot;:&quot;&quot;}\" data-image-title=\"Pe drum te mai servesti si cu un mar &amp;#8211; Cetatea dacica de la Capalna\" data-image-description=\"\" data-image-caption=\"\" data-medium-file=\"https:\/\/i0.wp.com\/cartitaplimbareata.ro\/wp-content\/uploads\/Cartitaplimbareata_cetatea_dacica_Capalna_Alba_Patrimoniu_UNESCO_028.jpg?fit=288%2C216&amp;ssl=1\" data-large-file=\"https:\/\/i0.wp.com\/cartitaplimbareata.ro\/wp-content\/uploads\/Cartitaplimbareata_cetatea_dacica_Capalna_Alba_Patrimoniu_UNESCO_028.jpg?fit=494%2C370&amp;ssl=1\" class=\"alignleft size-large wp-image-6070\" title=\"\" src=\"https:\/\/i0.wp.com\/cartitaplimbareata.ro\/wp-content\/uploads\/Cartitaplimbareata_cetatea_dacica_Capalna_Alba_Patrimoniu_UNESCO_028-494x370.jpg?resize=494%2C370\" alt=\"\" width=\"494\" height=\"370\" srcset=\"https:\/\/i0.wp.com\/cartitaplimbareata.ro\/wp-content\/uploads\/Cartitaplimbareata_cetatea_dacica_Capalna_Alba_Patrimoniu_UNESCO_028.jpg?resize=494%2C370&amp;ssl=1 494w, https:\/\/i0.wp.com\/cartitaplimbareata.ro\/wp-content\/uploads\/Cartitaplimbareata_cetatea_dacica_Capalna_Alba_Patrimoniu_UNESCO_028.jpg?resize=288%2C216&amp;ssl=1 288w, https:\/\/i0.wp.com\/cartitaplimbareata.ro\/wp-content\/uploads\/Cartitaplimbareata_cetatea_dacica_Capalna_Alba_Patrimoniu_UNESCO_028.jpg?w=704&amp;ssl=1 704w\" sizes=\"auto, (max-width: 494px) 100vw, 494px\" \/><\/a><\/p>\n<p>Ajunsi sus, la intrarea in cetate ne-am tras o leaca duhul si ne-am luat ragaz sa aflam mai multe despre cetate din panoul informativ de aici. Din cetatea care alta data bara accesul dinspre Valea Sebesului catre capitala regatului dac de la Sarmizegetusa Regia, nu au ramas foarte multe constructii de vazut. Mai mult e vorba de atmosfera si de sentimentul pe care il ai atunci cand \u00a0pui piciorul prin locuri cu istorie de 2000 de ani. Bine pastrate sunt baza turnului locuinta (9,5 x9,5 metri) si portiuni din zidul de incinta.<\/p>\n<p><a href=\"https:\/\/i0.wp.com\/cartitaplimbareata.ro\/wp-content\/uploads\/Cartitaplimbareata_cetatea_dacica_Capalna_Alba_Patrimoniu_UNESCO_036.jpg\" data-rel=\"lightbox-image-3\" data-rl_title=\"\" data-rl_caption=\"\"><img data-recalc-dims=\"1\" loading=\"lazy\" decoding=\"async\" data-attachment-id=\"6078\" data-permalink=\"https:\/\/cartitaplimbareata.ro\/index.php\/6061\/cetatea-dacica-de-la-capalna-muntii-sureanu\/cartitaplimbareata_cetatea_dacica_capalna_alba_patrimoniu_unesco_036\/\" data-orig-file=\"https:\/\/i0.wp.com\/cartitaplimbareata.ro\/wp-content\/uploads\/Cartitaplimbareata_cetatea_dacica_Capalna_Alba_Patrimoniu_UNESCO_036.jpg?fit=792%2C528&amp;ssl=1\" data-orig-size=\"792,528\" data-comments-opened=\"1\" data-image-meta=\"{&quot;aperture&quot;:&quot;5.6&quot;,&quot;credit&quot;:&quot;&quot;,&quot;camera&quot;:&quot;Canon EOS 40D&quot;,&quot;caption&quot;:&quot;&quot;,&quot;created_timestamp&quot;:&quot;1312908508&quot;,&quot;copyright&quot;:&quot;&quot;,&quot;focal_length&quot;:&quot;10&quot;,&quot;iso&quot;:&quot;800&quot;,&quot;shutter_speed&quot;:&quot;0.004&quot;,&quot;title&quot;:&quot;&quot;}\" data-image-title=\"Stejari batrani umbresc ruinele turnului locuinta &amp;#8211; Cetatea dacica de la Capalna\" data-image-description=\"\" data-image-caption=\"\" data-medium-file=\"https:\/\/i0.wp.com\/cartitaplimbareata.ro\/wp-content\/uploads\/Cartitaplimbareata_cetatea_dacica_Capalna_Alba_Patrimoniu_UNESCO_036.jpg?fit=288%2C192&amp;ssl=1\" data-large-file=\"https:\/\/i0.wp.com\/cartitaplimbareata.ro\/wp-content\/uploads\/Cartitaplimbareata_cetatea_dacica_Capalna_Alba_Patrimoniu_UNESCO_036.jpg?fit=494%2C329&amp;ssl=1\" class=\"alignleft size-large wp-image-6078\" title=\"\" src=\"https:\/\/i0.wp.com\/cartitaplimbareata.ro\/wp-content\/uploads\/Cartitaplimbareata_cetatea_dacica_Capalna_Alba_Patrimoniu_UNESCO_036-494x329.jpg?resize=494%2C329\" alt=\"\" width=\"494\" height=\"329\" srcset=\"https:\/\/i0.wp.com\/cartitaplimbareata.ro\/wp-content\/uploads\/Cartitaplimbareata_cetatea_dacica_Capalna_Alba_Patrimoniu_UNESCO_036.jpg?resize=494%2C329&amp;ssl=1 494w, https:\/\/i0.wp.com\/cartitaplimbareata.ro\/wp-content\/uploads\/Cartitaplimbareata_cetatea_dacica_Capalna_Alba_Patrimoniu_UNESCO_036.jpg?resize=288%2C192&amp;ssl=1 288w, https:\/\/i0.wp.com\/cartitaplimbareata.ro\/wp-content\/uploads\/Cartitaplimbareata_cetatea_dacica_Capalna_Alba_Patrimoniu_UNESCO_036.jpg?w=792&amp;ssl=1 792w\" sizes=\"auto, (max-width: 494px) 100vw, 494px\" \/><\/a><a href=\"https:\/\/i0.wp.com\/cartitaplimbareata.ro\/wp-content\/uploads\/Cartitaplimbareata_cetatea_dacica_Capalna_Alba_Patrimoniu_UNESCO_039.jpg\" data-rel=\"lightbox-image-4\" data-rl_title=\"\" data-rl_caption=\"\"><img data-recalc-dims=\"1\" loading=\"lazy\" decoding=\"async\" data-attachment-id=\"6081\" data-permalink=\"https:\/\/cartitaplimbareata.ro\/index.php\/6061\/cetatea-dacica-de-la-capalna-muntii-sureanu\/cartitaplimbareata_cetatea_dacica_capalna_alba_patrimoniu_unesco_039\/\" data-orig-file=\"https:\/\/i0.wp.com\/cartitaplimbareata.ro\/wp-content\/uploads\/Cartitaplimbareata_cetatea_dacica_Capalna_Alba_Patrimoniu_UNESCO_039.jpg?fit=792%2C528&amp;ssl=1\" data-orig-size=\"792,528\" data-comments-opened=\"1\" data-image-meta=\"{&quot;aperture&quot;:&quot;5&quot;,&quot;credit&quot;:&quot;&quot;,&quot;camera&quot;:&quot;Canon EOS 40D&quot;,&quot;caption&quot;:&quot;&quot;,&quot;created_timestamp&quot;:&quot;1312908997&quot;,&quot;copyright&quot;:&quot;&quot;,&quot;focal_length&quot;:&quot;24&quot;,&quot;iso&quot;:&quot;800&quot;,&quot;shutter_speed&quot;:&quot;0.005&quot;,&quot;title&quot;:&quot;&quot;}\" data-image-title=\"Scobitura in &amp;#8220;coada de randunica&amp;#8221; pentru zidul de aparare &amp;#8211; Cetatea dacica de la Capalna\" data-image-description=\"\" data-image-caption=\"\" data-medium-file=\"https:\/\/i0.wp.com\/cartitaplimbareata.ro\/wp-content\/uploads\/Cartitaplimbareata_cetatea_dacica_Capalna_Alba_Patrimoniu_UNESCO_039.jpg?fit=288%2C192&amp;ssl=1\" data-large-file=\"https:\/\/i0.wp.com\/cartitaplimbareata.ro\/wp-content\/uploads\/Cartitaplimbareata_cetatea_dacica_Capalna_Alba_Patrimoniu_UNESCO_039.jpg?fit=494%2C329&amp;ssl=1\" class=\"alignleft size-large wp-image-6081\" title=\"\" src=\"https:\/\/i0.wp.com\/cartitaplimbareata.ro\/wp-content\/uploads\/Cartitaplimbareata_cetatea_dacica_Capalna_Alba_Patrimoniu_UNESCO_039-494x329.jpg?resize=494%2C329\" alt=\"\" width=\"494\" height=\"329\" srcset=\"https:\/\/i0.wp.com\/cartitaplimbareata.ro\/wp-content\/uploads\/Cartitaplimbareata_cetatea_dacica_Capalna_Alba_Patrimoniu_UNESCO_039.jpg?resize=494%2C329&amp;ssl=1 494w, https:\/\/i0.wp.com\/cartitaplimbareata.ro\/wp-content\/uploads\/Cartitaplimbareata_cetatea_dacica_Capalna_Alba_Patrimoniu_UNESCO_039.jpg?resize=288%2C192&amp;ssl=1 288w, https:\/\/i0.wp.com\/cartitaplimbareata.ro\/wp-content\/uploads\/Cartitaplimbareata_cetatea_dacica_Capalna_Alba_Patrimoniu_UNESCO_039.jpg?w=792&amp;ssl=1 792w\" sizes=\"auto, (max-width: 494px) 100vw, 494px\" \/><\/a><\/p>\n<p>Ca si la celelalte cetati dacice, si aici am cascat gura gura la la fragmente din zidurile tipic dacice (murus dacicus) si la blocurile masive de piatra cu scobiturile in &#8220;coada de randunica&#8221;.\u00a0<em><strong>Murus dacicus<\/strong><\/em>\u00a0(\u201ezid de tip dacic\u201d) este un zid specific arhitecturii dacice.\u00a0Era construit din doua randuri de ziduri din blocuri fasonate de calcar, legate intre ele prin barne solide de lemn incastrate in blocurile de piatr\u0103 in niste jgheaburi speciale sapate in piatra, sub forma conica de &#8220;coada de randunica&#8221;. \u00a0Spa\u0163iul dintre cele dou\u0103 ziduri de piatr\u0103 se umplea cu pamant si piatra neprelucrata, barnele avand rolul de a impiedica cei doi pereti sa cada lateral.<\/p>\n<p><a href=\"https:\/\/i0.wp.com\/cartitaplimbareata.ro\/wp-content\/uploads\/Cartitaplimbareata_cetatea_dacica_Capalna_Alba_Patrimoniu_UNESCO_035.jpg\" data-rel=\"lightbox-image-5\" data-rl_title=\"\" data-rl_caption=\"\"><img data-recalc-dims=\"1\" loading=\"lazy\" decoding=\"async\" data-attachment-id=\"6077\" data-permalink=\"https:\/\/cartitaplimbareata.ro\/index.php\/6061\/cetatea-dacica-de-la-capalna-muntii-sureanu\/cartitaplimbareata_cetatea_dacica_capalna_alba_patrimoniu_unesco_035\/\" data-orig-file=\"https:\/\/i0.wp.com\/cartitaplimbareata.ro\/wp-content\/uploads\/Cartitaplimbareata_cetatea_dacica_Capalna_Alba_Patrimoniu_UNESCO_035.jpg?fit=792%2C350&amp;ssl=1\" data-orig-size=\"792,350\" data-comments-opened=\"1\" data-image-meta=\"{&quot;aperture&quot;:&quot;6.3&quot;,&quot;credit&quot;:&quot;&quot;,&quot;camera&quot;:&quot;Canon EOS 40D&quot;,&quot;caption&quot;:&quot;&quot;,&quot;created_timestamp&quot;:&quot;1312908325&quot;,&quot;copyright&quot;:&quot;&quot;,&quot;focal_length&quot;:&quot;10&quot;,&quot;iso&quot;:&quot;400&quot;,&quot;shutter_speed&quot;:&quot;0.00625&quot;,&quot;title&quot;:&quot;&quot;}\" data-image-title=\"Panorama spresud din interiorul cetatii &amp;#8211; Cetatea dacica de la Capalna\" data-image-description=\"\" data-image-caption=\"\" data-medium-file=\"https:\/\/i0.wp.com\/cartitaplimbareata.ro\/wp-content\/uploads\/Cartitaplimbareata_cetatea_dacica_Capalna_Alba_Patrimoniu_UNESCO_035.jpg?fit=288%2C127&amp;ssl=1\" data-large-file=\"https:\/\/i0.wp.com\/cartitaplimbareata.ro\/wp-content\/uploads\/Cartitaplimbareata_cetatea_dacica_Capalna_Alba_Patrimoniu_UNESCO_035.jpg?fit=494%2C218&amp;ssl=1\" class=\"alignleft size-large wp-image-6077\" title=\"\" src=\"https:\/\/i0.wp.com\/cartitaplimbareata.ro\/wp-content\/uploads\/Cartitaplimbareata_cetatea_dacica_Capalna_Alba_Patrimoniu_UNESCO_035-494x218.jpg?resize=494%2C218\" alt=\"\" width=\"494\" height=\"218\" srcset=\"https:\/\/i0.wp.com\/cartitaplimbareata.ro\/wp-content\/uploads\/Cartitaplimbareata_cetatea_dacica_Capalna_Alba_Patrimoniu_UNESCO_035.jpg?resize=494%2C218&amp;ssl=1 494w, https:\/\/i0.wp.com\/cartitaplimbareata.ro\/wp-content\/uploads\/Cartitaplimbareata_cetatea_dacica_Capalna_Alba_Patrimoniu_UNESCO_035.jpg?resize=288%2C127&amp;ssl=1 288w, https:\/\/i0.wp.com\/cartitaplimbareata.ro\/wp-content\/uploads\/Cartitaplimbareata_cetatea_dacica_Capalna_Alba_Patrimoniu_UNESCO_035.jpg?w=792&amp;ssl=1 792w\" sizes=\"auto, (max-width: 494px) 100vw, 494px\" \/><\/a><\/p>\n<p>Dupa ce am dat o tura de cetate si am sperat in zadar sa dam si noi cu piciorul la un koson ori doi (se pare ca i-au luat altii pe toti inaintea noastra :-))) ) ne-am asezat sub unul din stejarii care acum locuiesc aici si ne-am bucurat de liniste si de peisaj.<\/p>\n<p>Si ca semn ca ne-a furat de tot peisajul si ca eram total relaxati, dintr-o data Raluca zice: &#8220;Ce tare de dacii astia, ce priveliste marfa aveau&#8230; Iti dai seama cum stateau aici si se bucurau de munti, de lacul asta de jos&#8230;&#8221; iar in clipa urmatoare ne-am uitat unul la celalat si ne-am dat sema de gafa&#8230; pai cum sa vada dacii lacul care a fost construit abia in anii 80.<\/p>\n<p><a href=\"https:\/\/i0.wp.com\/cartitaplimbareata.ro\/wp-content\/uploads\/Cartitaplimbareata_cetatea_dacica_Capalna_Alba_Patrimoniu_UNESCO_047.jpg\" data-rel=\"lightbox-image-6\" data-rl_title=\"\" data-rl_caption=\"\"><img data-recalc-dims=\"1\" loading=\"lazy\" decoding=\"async\" data-attachment-id=\"6089\" data-permalink=\"https:\/\/cartitaplimbareata.ro\/index.php\/6061\/cetatea-dacica-de-la-capalna-muntii-sureanu\/cartitaplimbareata_cetatea_dacica_capalna_alba_patrimoniu_unesco_047\/\" data-orig-file=\"https:\/\/i0.wp.com\/cartitaplimbareata.ro\/wp-content\/uploads\/Cartitaplimbareata_cetatea_dacica_Capalna_Alba_Patrimoniu_UNESCO_047.jpg?fit=792%2C528&amp;ssl=1\" data-orig-size=\"792,528\" data-comments-opened=\"1\" data-image-meta=\"{&quot;aperture&quot;:&quot;6.3&quot;,&quot;credit&quot;:&quot;&quot;,&quot;camera&quot;:&quot;Canon EOS 40D&quot;,&quot;caption&quot;:&quot;&quot;,&quot;created_timestamp&quot;:&quot;1312911938&quot;,&quot;copyright&quot;:&quot;&quot;,&quot;focal_length&quot;:&quot;18&quot;,&quot;iso&quot;:&quot;800&quot;,&quot;shutter_speed&quot;:&quot;0.01&quot;,&quot;title&quot;:&quot;&quot;}\" data-image-title=\"Drumeag pitoresc printre fagi pana la cetate &amp;#8211; Cetatea dacica de la Capalna\" data-image-description=\"\" data-image-caption=\"\" data-medium-file=\"https:\/\/i0.wp.com\/cartitaplimbareata.ro\/wp-content\/uploads\/Cartitaplimbareata_cetatea_dacica_Capalna_Alba_Patrimoniu_UNESCO_047.jpg?fit=288%2C192&amp;ssl=1\" data-large-file=\"https:\/\/i0.wp.com\/cartitaplimbareata.ro\/wp-content\/uploads\/Cartitaplimbareata_cetatea_dacica_Capalna_Alba_Patrimoniu_UNESCO_047.jpg?fit=494%2C329&amp;ssl=1\" class=\"alignleft size-large wp-image-6089\" title=\"\" src=\"https:\/\/i0.wp.com\/cartitaplimbareata.ro\/wp-content\/uploads\/Cartitaplimbareata_cetatea_dacica_Capalna_Alba_Patrimoniu_UNESCO_047-494x329.jpg?resize=494%2C329\" alt=\"\" width=\"494\" height=\"329\" srcset=\"https:\/\/i0.wp.com\/cartitaplimbareata.ro\/wp-content\/uploads\/Cartitaplimbareata_cetatea_dacica_Capalna_Alba_Patrimoniu_UNESCO_047.jpg?resize=494%2C329&amp;ssl=1 494w, https:\/\/i0.wp.com\/cartitaplimbareata.ro\/wp-content\/uploads\/Cartitaplimbareata_cetatea_dacica_Capalna_Alba_Patrimoniu_UNESCO_047.jpg?resize=288%2C192&amp;ssl=1 288w, https:\/\/i0.wp.com\/cartitaplimbareata.ro\/wp-content\/uploads\/Cartitaplimbareata_cetatea_dacica_Capalna_Alba_Patrimoniu_UNESCO_047.jpg?w=792&amp;ssl=1 792w\" sizes=\"auto, (max-width: 494px) 100vw, 494px\" \/><\/a><\/p>\n<p>Poti sa vezi localizarea pe harta a cetatii <a href=\"https:\/\/maps.google.com\/maps?ll=45.822459,23.602581&amp;spn=0.011634,0.02929&amp;t=k&amp;z=16&amp;lci=com.panoramio.all\" target=\"_blank\">aici.\u00a0<\/a><\/p>\n<p>Cartita s-a uitat si aici:<\/p>\n<p>&#8211;<a href=\"http:\/\/whc.unesco.org\/en\/list\/\" target=\"_blank\">\u00a0lista obiectivelor cuprinse in patrimoniului mondial UNESCO\u00a0in lume<\/a><\/p>\n<p>&#8211;\u00a0<a href=\"http:\/\/whc.unesco.org\/en\/statesparties\/ro\" target=\"_blank\">lista obiectivelor cuprinse in patrimoniului mondial UNESCO\u00a0in Romania<\/a><\/p>\n<p>Nu uita ca poti sa urmaresti Cartita si pe\u00a0<a title=\"Cartita pe Facebook\" href=\"http:\/\/www.facebook.com\/toprural.ro\" target=\"_blank\"><strong>Facebook<\/strong>\u00a0<\/a>sau prin\u00a0<strong><a title=\"Cartita prin RSS\" href=\"http:\/\/feeds.feedburner.com\/CartitaPlimbareata\" target=\"_blank\">RSS<\/a>.<\/strong><\/p>\n<div class=\"tiled-gallery type-rectangular tiled-gallery-unresized\" data-original-width=\"1170\" data-carousel-extra='{&quot;blog_id&quot;:1,&quot;permalink&quot;:&quot;https:\\\/\\\/cartitaplimbareata.ro\\\/index.php\\\/6061\\\/cetatea-dacica-de-la-capalna-muntii-sureanu\\\/&quot;,&quot;likes_blog_id&quot;:89894680}' itemscope itemtype=\"http:\/\/schema.org\/ImageGallery\" > <div class=\"gallery-row\" style=\"width: 1170px; height: 542px;\" data-original-width=\"1170\" data-original-height=\"542\" > <div class=\"gallery-group images-1\" style=\"width: 810px; height: 542px;\" data-original-width=\"810\" data-original-height=\"542\" > <div class=\"tiled-gallery-item tiled-gallery-item-large\" itemprop=\"associatedMedia\" itemscope itemtype=\"http:\/\/schema.org\/ImageObject\"> <a href=\"https:\/\/i0.wp.com\/cartitaplimbareata.ro\/wp-content\/uploads\/Cartitaplimbareata_cetatea_dacica_Capalna_Alba_Patrimoniu_UNESCO_044.jpg?ssl=1\" border=\"0\" itemprop=\"url\" rel=\"lightbox[6061]\"> <meta itemprop=\"width\" content=\"806\"> <meta itemprop=\"height\" content=\"538\"> <img decoding=\"async\" class=\"\" data-attachment-id=\"6086\" data-orig-file=\"https:\/\/cartitaplimbareata.ro\/wp-content\/uploads\/Cartitaplimbareata_cetatea_dacica_Capalna_Alba_Patrimoniu_UNESCO_044.jpg\" data-orig-size=\"792,528\" data-comments-opened=\"1\" data-image-meta=\"{&quot;aperture&quot;:&quot;3.5&quot;,&quot;credit&quot;:&quot;&quot;,&quot;camera&quot;:&quot;Canon EOS 40D&quot;,&quot;caption&quot;:&quot;&quot;,&quot;created_timestamp&quot;:&quot;1312911011&quot;,&quot;copyright&quot;:&quot;&quot;,&quot;focal_length&quot;:&quot;165&quot;,&quot;iso&quot;:&quot;800&quot;,&quot;shutter_speed&quot;:&quot;0.002&quot;,&quot;title&quot;:&quot;&quot;}\" data-image-title=\"Stejarii locuiesc acum in cetate &amp;#8211; Cetatea dacica de la Capalna\" data-image-description=\"\" data-medium-file=\"https:\/\/i0.wp.com\/cartitaplimbareata.ro\/wp-content\/uploads\/Cartitaplimbareata_cetatea_dacica_Capalna_Alba_Patrimoniu_UNESCO_044.jpg?fit=288%2C192&#038;ssl=1\" data-large-file=\"https:\/\/i0.wp.com\/cartitaplimbareata.ro\/wp-content\/uploads\/Cartitaplimbareata_cetatea_dacica_Capalna_Alba_Patrimoniu_UNESCO_044.jpg?fit=494%2C329&#038;ssl=1\" src=\"https:\/\/i0.wp.com\/cartitaplimbareata.ro\/wp-content\/uploads\/Cartitaplimbareata_cetatea_dacica_Capalna_Alba_Patrimoniu_UNESCO_044.jpg?w=806&#038;h=538&#038;ssl=1\" srcset=\"https:\/\/i0.wp.com\/cartitaplimbareata.ro\/wp-content\/uploads\/Cartitaplimbareata_cetatea_dacica_Capalna_Alba_Patrimoniu_UNESCO_044.jpg?w=792&amp;ssl=1 792w, https:\/\/i0.wp.com\/cartitaplimbareata.ro\/wp-content\/uploads\/Cartitaplimbareata_cetatea_dacica_Capalna_Alba_Patrimoniu_UNESCO_044.jpg?resize=288%2C192&amp;ssl=1 288w, https:\/\/i0.wp.com\/cartitaplimbareata.ro\/wp-content\/uploads\/Cartitaplimbareata_cetatea_dacica_Capalna_Alba_Patrimoniu_UNESCO_044.jpg?resize=494%2C329&amp;ssl=1 494w\" width=\"806\" height=\"538\" loading=\"lazy\" data-original-width=\"806\" data-original-height=\"538\" itemprop=\"http:\/\/schema.org\/image\" title=\"Stejarii locuiesc acum in cetate - Cetatea dacica de la Capalna\" alt=\"Stejarii locuiesc acum in cetate - Cetatea dacica de la Capalna\" style=\"width: 806px; height: 538px;\" \/> <\/a> <\/div> <\/div> <!-- close group --> <div class=\"gallery-group images-2\" style=\"width: 360px; height: 542px;\" data-original-width=\"360\" data-original-height=\"542\" > <div class=\"tiled-gallery-item tiled-gallery-item-large\" itemprop=\"associatedMedia\" itemscope itemtype=\"http:\/\/schema.org\/ImageObject\"> <a href=\"https:\/\/i0.wp.com\/cartitaplimbareata.ro\/wp-content\/uploads\/Cartitaplimbareata_cetatea_dacica_Capalna_Alba_Patrimoniu_UNESCO_023.jpg?ssl=1\" border=\"0\" itemprop=\"url\" rel=\"lightbox[6061]\"> <meta itemprop=\"width\" content=\"356\"> <meta itemprop=\"height\" content=\"267\"> <img decoding=\"async\" class=\"\" data-attachment-id=\"6065\" data-orig-file=\"https:\/\/cartitaplimbareata.ro\/wp-content\/uploads\/Cartitaplimbareata_cetatea_dacica_Capalna_Alba_Patrimoniu_UNESCO_023.jpg\" data-orig-size=\"704,528\" data-comments-opened=\"1\" data-image-meta=\"{&quot;aperture&quot;:&quot;2.6&quot;,&quot;credit&quot;:&quot;&quot;,&quot;camera&quot;:&quot;Canon PowerShot A580&quot;,&quot;caption&quot;:&quot;&quot;,&quot;created_timestamp&quot;:&quot;1312910906&quot;,&quot;copyright&quot;:&quot;&quot;,&quot;focal_length&quot;:&quot;5.8&quot;,&quot;iso&quot;:&quot;200&quot;,&quot;shutter_speed&quot;:&quot;0.008&quot;,&quot;title&quot;:&quot;&quot;}\" data-image-title=\"Loc de odihna &amp;#8211; Cetatea dacica de la Capalna\" data-image-description=\"\" data-medium-file=\"https:\/\/i0.wp.com\/cartitaplimbareata.ro\/wp-content\/uploads\/Cartitaplimbareata_cetatea_dacica_Capalna_Alba_Patrimoniu_UNESCO_023.jpg?fit=288%2C216&#038;ssl=1\" data-large-file=\"https:\/\/i0.wp.com\/cartitaplimbareata.ro\/wp-content\/uploads\/Cartitaplimbareata_cetatea_dacica_Capalna_Alba_Patrimoniu_UNESCO_023.jpg?fit=494%2C370&#038;ssl=1\" src=\"https:\/\/i0.wp.com\/cartitaplimbareata.ro\/wp-content\/uploads\/Cartitaplimbareata_cetatea_dacica_Capalna_Alba_Patrimoniu_UNESCO_023.jpg?w=356&#038;h=267&#038;ssl=1\" srcset=\"https:\/\/i0.wp.com\/cartitaplimbareata.ro\/wp-content\/uploads\/Cartitaplimbareata_cetatea_dacica_Capalna_Alba_Patrimoniu_UNESCO_023.jpg?w=704&amp;ssl=1 704w, https:\/\/i0.wp.com\/cartitaplimbareata.ro\/wp-content\/uploads\/Cartitaplimbareata_cetatea_dacica_Capalna_Alba_Patrimoniu_UNESCO_023.jpg?resize=288%2C216&amp;ssl=1 288w, https:\/\/i0.wp.com\/cartitaplimbareata.ro\/wp-content\/uploads\/Cartitaplimbareata_cetatea_dacica_Capalna_Alba_Patrimoniu_UNESCO_023.jpg?resize=494%2C370&amp;ssl=1 494w\" width=\"356\" height=\"267\" loading=\"lazy\" data-original-width=\"356\" data-original-height=\"267\" itemprop=\"http:\/\/schema.org\/image\" title=\"Loc de odihna - Cetatea dacica de la Capalna\" alt=\"Loc de odihna - Cetatea dacica de la Capalna\" style=\"width: 356px; height: 267px;\" \/> <\/a> <\/div> <div class=\"tiled-gallery-item tiled-gallery-item-large\" itemprop=\"associatedMedia\" itemscope itemtype=\"http:\/\/schema.org\/ImageObject\"> <a href=\"https:\/\/i0.wp.com\/cartitaplimbareata.ro\/wp-content\/uploads\/Cartitaplimbareata_cetatea_dacica_Capalna_Alba_Patrimoniu_UNESCO_026.jpg?ssl=1\" border=\"0\" itemprop=\"url\" rel=\"lightbox[6061]\"> <meta itemprop=\"width\" content=\"356\"> <meta itemprop=\"height\" content=\"267\"> <img decoding=\"async\" class=\"\" data-attachment-id=\"6068\" data-orig-file=\"https:\/\/cartitaplimbareata.ro\/wp-content\/uploads\/Cartitaplimbareata_cetatea_dacica_Capalna_Alba_Patrimoniu_UNESCO_026.jpg\" data-orig-size=\"704,528\" data-comments-opened=\"1\" data-image-meta=\"{&quot;aperture&quot;:&quot;2.6&quot;,&quot;credit&quot;:&quot;&quot;,&quot;camera&quot;:&quot;Canon PowerShot A580&quot;,&quot;caption&quot;:&quot;&quot;,&quot;created_timestamp&quot;:&quot;1312913712&quot;,&quot;copyright&quot;:&quot;&quot;,&quot;focal_length&quot;:&quot;5.8&quot;,&quot;iso&quot;:&quot;400&quot;,&quot;shutter_speed&quot;:&quot;0.002&quot;,&quot;title&quot;:&quot;&quot;}\" data-image-title=\"Stejarii locuiesc acum in cetate &amp;#8211; Cetatea dacica de la Capalna\" data-image-description=\"\" data-medium-file=\"https:\/\/i0.wp.com\/cartitaplimbareata.ro\/wp-content\/uploads\/Cartitaplimbareata_cetatea_dacica_Capalna_Alba_Patrimoniu_UNESCO_026.jpg?fit=288%2C216&#038;ssl=1\" data-large-file=\"https:\/\/i0.wp.com\/cartitaplimbareata.ro\/wp-content\/uploads\/Cartitaplimbareata_cetatea_dacica_Capalna_Alba_Patrimoniu_UNESCO_026.jpg?fit=494%2C370&#038;ssl=1\" src=\"https:\/\/i0.wp.com\/cartitaplimbareata.ro\/wp-content\/uploads\/Cartitaplimbareata_cetatea_dacica_Capalna_Alba_Patrimoniu_UNESCO_026.jpg?w=356&#038;h=267&#038;ssl=1\" srcset=\"https:\/\/i0.wp.com\/cartitaplimbareata.ro\/wp-content\/uploads\/Cartitaplimbareata_cetatea_dacica_Capalna_Alba_Patrimoniu_UNESCO_026.jpg?w=704&amp;ssl=1 704w, https:\/\/i0.wp.com\/cartitaplimbareata.ro\/wp-content\/uploads\/Cartitaplimbareata_cetatea_dacica_Capalna_Alba_Patrimoniu_UNESCO_026.jpg?resize=288%2C216&amp;ssl=1 288w, https:\/\/i0.wp.com\/cartitaplimbareata.ro\/wp-content\/uploads\/Cartitaplimbareata_cetatea_dacica_Capalna_Alba_Patrimoniu_UNESCO_026.jpg?resize=494%2C370&amp;ssl=1 494w\" width=\"356\" height=\"267\" loading=\"lazy\" data-original-width=\"356\" data-original-height=\"267\" itemprop=\"http:\/\/schema.org\/image\" title=\"Stejarii locuiesc acum in cetate - Cetatea dacica de la Capalna\" alt=\"Stejarii locuiesc acum in cetate - Cetatea dacica de la Capalna\" style=\"width: 356px; height: 267px;\" \/> <\/a> <\/div> <\/div> <!-- close group --> <\/div> <!-- close row --> <div class=\"gallery-row\" style=\"width: 1170px; height: 351px;\" data-original-width=\"1170\" data-original-height=\"351\" > <div class=\"gallery-group images-1\" style=\"width: 467px; height: 351px;\" data-original-width=\"467\" data-original-height=\"351\" > <div class=\"tiled-gallery-item tiled-gallery-item-large\" itemprop=\"associatedMedia\" itemscope itemtype=\"http:\/\/schema.org\/ImageObject\"> <a href=\"https:\/\/i0.wp.com\/cartitaplimbareata.ro\/wp-content\/uploads\/Cartitaplimbareata_cetatea_dacica_Capalna_Alba_Patrimoniu_UNESCO_025.jpg?ssl=1\" border=\"0\" itemprop=\"url\" rel=\"lightbox[6061]\"> <meta itemprop=\"width\" content=\"463\"> <meta itemprop=\"height\" content=\"347\"> <img decoding=\"async\" class=\"\" data-attachment-id=\"6067\" data-orig-file=\"https:\/\/cartitaplimbareata.ro\/wp-content\/uploads\/Cartitaplimbareata_cetatea_dacica_Capalna_Alba_Patrimoniu_UNESCO_025.jpg\" data-orig-size=\"704,528\" data-comments-opened=\"1\" data-image-meta=\"{&quot;aperture&quot;:&quot;2.6&quot;,&quot;credit&quot;:&quot;&quot;,&quot;camera&quot;:&quot;Canon PowerShot A580&quot;,&quot;caption&quot;:&quot;&quot;,&quot;created_timestamp&quot;:&quot;1312912006&quot;,&quot;copyright&quot;:&quot;&quot;,&quot;focal_length&quot;:&quot;5.8&quot;,&quot;iso&quot;:&quot;400&quot;,&quot;shutter_speed&quot;:&quot;0.002&quot;,&quot;title&quot;:&quot;&quot;}\" data-image-title=\"Scobitura in &amp;#8220;coada de randunica&amp;#8221; tipica pentru murus dacicus &amp;#8211; Cetatea dacica de la Capalna\" data-image-description=\"\" data-medium-file=\"https:\/\/i0.wp.com\/cartitaplimbareata.ro\/wp-content\/uploads\/Cartitaplimbareata_cetatea_dacica_Capalna_Alba_Patrimoniu_UNESCO_025.jpg?fit=288%2C216&#038;ssl=1\" data-large-file=\"https:\/\/i0.wp.com\/cartitaplimbareata.ro\/wp-content\/uploads\/Cartitaplimbareata_cetatea_dacica_Capalna_Alba_Patrimoniu_UNESCO_025.jpg?fit=494%2C370&#038;ssl=1\" src=\"https:\/\/i0.wp.com\/cartitaplimbareata.ro\/wp-content\/uploads\/Cartitaplimbareata_cetatea_dacica_Capalna_Alba_Patrimoniu_UNESCO_025.jpg?w=463&#038;h=347&#038;ssl=1\" srcset=\"https:\/\/i0.wp.com\/cartitaplimbareata.ro\/wp-content\/uploads\/Cartitaplimbareata_cetatea_dacica_Capalna_Alba_Patrimoniu_UNESCO_025.jpg?w=704&amp;ssl=1 704w, https:\/\/i0.wp.com\/cartitaplimbareata.ro\/wp-content\/uploads\/Cartitaplimbareata_cetatea_dacica_Capalna_Alba_Patrimoniu_UNESCO_025.jpg?resize=288%2C216&amp;ssl=1 288w, https:\/\/i0.wp.com\/cartitaplimbareata.ro\/wp-content\/uploads\/Cartitaplimbareata_cetatea_dacica_Capalna_Alba_Patrimoniu_UNESCO_025.jpg?resize=494%2C370&amp;ssl=1 494w\" width=\"463\" height=\"347\" loading=\"lazy\" data-original-width=\"463\" data-original-height=\"347\" itemprop=\"http:\/\/schema.org\/image\" title=\"Scobitura in &quot;coada de randunica&quot; tipica pentru murus dacicus - Cetatea dacica de la Capalna\" alt=\"Scobitura in &quot;coada de randunica&quot; tipica pentru murus dacicus - Cetatea dacica de la Capalna\" style=\"width: 463px; height: 347px;\" \/> <\/a> <\/div> <\/div> <!-- close group --> <div class=\"gallery-group images-1\" style=\"width: 236px; height: 351px;\" data-original-width=\"236\" data-original-height=\"351\" > <div class=\"tiled-gallery-item tiled-gallery-item-small\" itemprop=\"associatedMedia\" itemscope itemtype=\"http:\/\/schema.org\/ImageObject\"> <a href=\"https:\/\/i0.wp.com\/cartitaplimbareata.ro\/wp-content\/uploads\/Cartitaplimbareata_cetatea_dacica_Capalna_Alba_Patrimoniu_UNESCO_041.jpg?ssl=1\" border=\"0\" itemprop=\"url\" rel=\"lightbox[6061]\"> <meta itemprop=\"width\" content=\"232\"> <meta itemprop=\"height\" content=\"347\"> <img decoding=\"async\" class=\"\" data-attachment-id=\"6083\" data-orig-file=\"https:\/\/cartitaplimbareata.ro\/wp-content\/uploads\/Cartitaplimbareata_cetatea_dacica_Capalna_Alba_Patrimoniu_UNESCO_041.jpg\" data-orig-size=\"352,528\" data-comments-opened=\"1\" data-image-meta=\"{&quot;aperture&quot;:&quot;5&quot;,&quot;credit&quot;:&quot;&quot;,&quot;camera&quot;:&quot;Canon EOS 40D&quot;,&quot;caption&quot;:&quot;&quot;,&quot;created_timestamp&quot;:&quot;1312909454&quot;,&quot;copyright&quot;:&quot;&quot;,&quot;focal_length&quot;:&quot;10&quot;,&quot;iso&quot;:&quot;800&quot;,&quot;shutter_speed&quot;:&quot;0.00625&quot;,&quot;title&quot;:&quot;&quot;}\" data-image-title=\"Cetatea dacica de la Capalna\" data-image-description=\"\" data-medium-file=\"https:\/\/i0.wp.com\/cartitaplimbareata.ro\/wp-content\/uploads\/Cartitaplimbareata_cetatea_dacica_Capalna_Alba_Patrimoniu_UNESCO_041.jpg?fit=192%2C288&#038;ssl=1\" data-large-file=\"https:\/\/i0.wp.com\/cartitaplimbareata.ro\/wp-content\/uploads\/Cartitaplimbareata_cetatea_dacica_Capalna_Alba_Patrimoniu_UNESCO_041.jpg?fit=329%2C494&#038;ssl=1\" src=\"https:\/\/i0.wp.com\/cartitaplimbareata.ro\/wp-content\/uploads\/Cartitaplimbareata_cetatea_dacica_Capalna_Alba_Patrimoniu_UNESCO_041.jpg?w=232&#038;h=347&#038;ssl=1\" srcset=\"https:\/\/i0.wp.com\/cartitaplimbareata.ro\/wp-content\/uploads\/Cartitaplimbareata_cetatea_dacica_Capalna_Alba_Patrimoniu_UNESCO_041.jpg?w=352&amp;ssl=1 352w, https:\/\/i0.wp.com\/cartitaplimbareata.ro\/wp-content\/uploads\/Cartitaplimbareata_cetatea_dacica_Capalna_Alba_Patrimoniu_UNESCO_041.jpg?resize=192%2C288&amp;ssl=1 192w, https:\/\/i0.wp.com\/cartitaplimbareata.ro\/wp-content\/uploads\/Cartitaplimbareata_cetatea_dacica_Capalna_Alba_Patrimoniu_UNESCO_041.jpg?resize=329%2C494&amp;ssl=1 329w\" width=\"232\" height=\"347\" loading=\"lazy\" data-original-width=\"232\" data-original-height=\"347\" itemprop=\"http:\/\/schema.org\/image\" title=\"Cetatea dacica de la Capalna\" alt=\"Cetatea dacica de la Capalna\" style=\"width: 232px; height: 347px;\" \/> <\/a> <\/div> <\/div> <!-- close group --> <div class=\"gallery-group images-1\" style=\"width: 467px; height: 351px;\" data-original-width=\"467\" data-original-height=\"351\" > <div class=\"tiled-gallery-item tiled-gallery-item-large\" itemprop=\"associatedMedia\" itemscope itemtype=\"http:\/\/schema.org\/ImageObject\"> <a href=\"https:\/\/i0.wp.com\/cartitaplimbareata.ro\/wp-content\/uploads\/Cartitaplimbareata_cetatea_dacica_Capalna_Alba_Patrimoniu_UNESCO_021.jpg?ssl=1\" border=\"0\" itemprop=\"url\" rel=\"lightbox[6061]\"> <meta itemprop=\"width\" content=\"463\"> <meta itemprop=\"height\" content=\"347\"> <img decoding=\"async\" class=\"\" data-attachment-id=\"6063\" data-orig-file=\"https:\/\/cartitaplimbareata.ro\/wp-content\/uploads\/Cartitaplimbareata_cetatea_dacica_Capalna_Alba_Patrimoniu_UNESCO_021.jpg\" data-orig-size=\"704,528\" data-comments-opened=\"1\" data-image-meta=\"{&quot;aperture&quot;:&quot;2.6&quot;,&quot;credit&quot;:&quot;&quot;,&quot;camera&quot;:&quot;Canon PowerShot A580&quot;,&quot;caption&quot;:&quot;&quot;,&quot;created_timestamp&quot;:&quot;1312910764&quot;,&quot;copyright&quot;:&quot;&quot;,&quot;focal_length&quot;:&quot;5.8&quot;,&quot;iso&quot;:&quot;200&quot;,&quot;shutter_speed&quot;:&quot;0.0125&quot;,&quot;title&quot;:&quot;&quot;}\" data-image-title=\"Panoul informativ si locul de fumat &amp;#8211; Cetatea dacica de la Capalna\" data-image-description=\"\" data-medium-file=\"https:\/\/i0.wp.com\/cartitaplimbareata.ro\/wp-content\/uploads\/Cartitaplimbareata_cetatea_dacica_Capalna_Alba_Patrimoniu_UNESCO_021.jpg?fit=288%2C216&#038;ssl=1\" data-large-file=\"https:\/\/i0.wp.com\/cartitaplimbareata.ro\/wp-content\/uploads\/Cartitaplimbareata_cetatea_dacica_Capalna_Alba_Patrimoniu_UNESCO_021.jpg?fit=494%2C370&#038;ssl=1\" src=\"https:\/\/i0.wp.com\/cartitaplimbareata.ro\/wp-content\/uploads\/Cartitaplimbareata_cetatea_dacica_Capalna_Alba_Patrimoniu_UNESCO_021.jpg?w=463&#038;h=347&#038;ssl=1\" srcset=\"https:\/\/i0.wp.com\/cartitaplimbareata.ro\/wp-content\/uploads\/Cartitaplimbareata_cetatea_dacica_Capalna_Alba_Patrimoniu_UNESCO_021.jpg?w=704&amp;ssl=1 704w, https:\/\/i0.wp.com\/cartitaplimbareata.ro\/wp-content\/uploads\/Cartitaplimbareata_cetatea_dacica_Capalna_Alba_Patrimoniu_UNESCO_021.jpg?resize=288%2C216&amp;ssl=1 288w, https:\/\/i0.wp.com\/cartitaplimbareata.ro\/wp-content\/uploads\/Cartitaplimbareata_cetatea_dacica_Capalna_Alba_Patrimoniu_UNESCO_021.jpg?resize=494%2C370&amp;ssl=1 494w\" width=\"463\" height=\"347\" loading=\"lazy\" data-original-width=\"463\" data-original-height=\"347\" itemprop=\"http:\/\/schema.org\/image\" title=\"Panoul informativ si locul de fumat - Cetatea dacica de la Capalna\" alt=\"Panoul informativ si locul de fumat - Cetatea dacica de la Capalna\" style=\"width: 463px; height: 347px;\" \/> <\/a> <\/div> <\/div> <!-- close group --> <\/div> <!-- close row --> <div class=\"gallery-row\" style=\"width: 1170px; height: 532px;\" data-original-width=\"1170\" data-original-height=\"532\" > <div class=\"gallery-group images-2\" style=\"width: 374px; height: 532px;\" data-original-width=\"374\" data-original-height=\"532\" > <div class=\"tiled-gallery-item tiled-gallery-item-large\" itemprop=\"associatedMedia\" itemscope itemtype=\"http:\/\/schema.org\/ImageObject\"> <a href=\"https:\/\/i0.wp.com\/cartitaplimbareata.ro\/wp-content\/uploads\/Cartitaplimbareata_cetatea_dacica_Capalna_Alba_Patrimoniu_UNESCO_027.jpg?ssl=1\" border=\"0\" itemprop=\"url\" rel=\"lightbox[6061]\"> <meta itemprop=\"width\" content=\"370\"> <meta itemprop=\"height\" content=\"277\"> <img decoding=\"async\" class=\"\" data-attachment-id=\"6069\" data-orig-file=\"https:\/\/cartitaplimbareata.ro\/wp-content\/uploads\/Cartitaplimbareata_cetatea_dacica_Capalna_Alba_Patrimoniu_UNESCO_027.jpg\" data-orig-size=\"704,528\" data-comments-opened=\"1\" data-image-meta=\"{&quot;aperture&quot;:&quot;2.6&quot;,&quot;credit&quot;:&quot;&quot;,&quot;camera&quot;:&quot;Canon PowerShot A580&quot;,&quot;caption&quot;:&quot;&quot;,&quot;created_timestamp&quot;:&quot;1312914848&quot;,&quot;copyright&quot;:&quot;&quot;,&quot;focal_length&quot;:&quot;5.8&quot;,&quot;iso&quot;:&quot;400&quot;,&quot;shutter_speed&quot;:&quot;0.01&quot;,&quot;title&quot;:&quot;&quot;}\" data-image-title=\"Drumul de acces &amp;#8211; Cetatea dacica de la Capalna\" data-image-description=\"\" data-medium-file=\"https:\/\/i0.wp.com\/cartitaplimbareata.ro\/wp-content\/uploads\/Cartitaplimbareata_cetatea_dacica_Capalna_Alba_Patrimoniu_UNESCO_027.jpg?fit=288%2C216&#038;ssl=1\" data-large-file=\"https:\/\/i0.wp.com\/cartitaplimbareata.ro\/wp-content\/uploads\/Cartitaplimbareata_cetatea_dacica_Capalna_Alba_Patrimoniu_UNESCO_027.jpg?fit=494%2C370&#038;ssl=1\" src=\"https:\/\/i0.wp.com\/cartitaplimbareata.ro\/wp-content\/uploads\/Cartitaplimbareata_cetatea_dacica_Capalna_Alba_Patrimoniu_UNESCO_027.jpg?w=370&#038;h=277&#038;ssl=1\" srcset=\"https:\/\/i0.wp.com\/cartitaplimbareata.ro\/wp-content\/uploads\/Cartitaplimbareata_cetatea_dacica_Capalna_Alba_Patrimoniu_UNESCO_027.jpg?w=704&amp;ssl=1 704w, https:\/\/i0.wp.com\/cartitaplimbareata.ro\/wp-content\/uploads\/Cartitaplimbareata_cetatea_dacica_Capalna_Alba_Patrimoniu_UNESCO_027.jpg?resize=288%2C216&amp;ssl=1 288w, https:\/\/i0.wp.com\/cartitaplimbareata.ro\/wp-content\/uploads\/Cartitaplimbareata_cetatea_dacica_Capalna_Alba_Patrimoniu_UNESCO_027.jpg?resize=494%2C370&amp;ssl=1 494w\" width=\"370\" height=\"277\" loading=\"lazy\" data-original-width=\"370\" data-original-height=\"277\" itemprop=\"http:\/\/schema.org\/image\" title=\"Drumul de acces - Cetatea dacica de la Capalna\" alt=\"Drumul de acces - Cetatea dacica de la Capalna\" style=\"width: 370px; height: 277px;\" \/> <\/a> <\/div> <div class=\"tiled-gallery-item tiled-gallery-item-large\" itemprop=\"associatedMedia\" itemscope itemtype=\"http:\/\/schema.org\/ImageObject\"> <a href=\"https:\/\/i0.wp.com\/cartitaplimbareata.ro\/wp-content\/uploads\/Cartitaplimbareata_cetatea_dacica_Capalna_Alba_Patrimoniu_UNESCO_031.jpg?ssl=1\" border=\"0\" itemprop=\"url\" rel=\"lightbox[6061]\"> <meta itemprop=\"width\" content=\"370\"> <meta itemprop=\"height\" content=\"247\"> <img decoding=\"async\" class=\"\" data-attachment-id=\"6073\" data-orig-file=\"https:\/\/cartitaplimbareata.ro\/wp-content\/uploads\/Cartitaplimbareata_cetatea_dacica_Capalna_Alba_Patrimoniu_UNESCO_031.jpg\" data-orig-size=\"792,528\" data-comments-opened=\"1\" data-image-meta=\"{&quot;aperture&quot;:&quot;6.3&quot;,&quot;credit&quot;:&quot;&quot;,&quot;camera&quot;:&quot;Canon EOS 40D&quot;,&quot;caption&quot;:&quot;&quot;,&quot;created_timestamp&quot;:&quot;1312907715&quot;,&quot;copyright&quot;:&quot;&quot;,&quot;focal_length&quot;:&quot;10&quot;,&quot;iso&quot;:&quot;800&quot;,&quot;shutter_speed&quot;:&quot;0.02&quot;,&quot;title&quot;:&quot;&quot;}\" data-image-title=\"Drumul de acces &amp;#8211; Cetatea dacica de la Capalna\" data-image-description=\"\" data-medium-file=\"https:\/\/i0.wp.com\/cartitaplimbareata.ro\/wp-content\/uploads\/Cartitaplimbareata_cetatea_dacica_Capalna_Alba_Patrimoniu_UNESCO_031.jpg?fit=288%2C192&#038;ssl=1\" data-large-file=\"https:\/\/i0.wp.com\/cartitaplimbareata.ro\/wp-content\/uploads\/Cartitaplimbareata_cetatea_dacica_Capalna_Alba_Patrimoniu_UNESCO_031.jpg?fit=494%2C329&#038;ssl=1\" src=\"https:\/\/i0.wp.com\/cartitaplimbareata.ro\/wp-content\/uploads\/Cartitaplimbareata_cetatea_dacica_Capalna_Alba_Patrimoniu_UNESCO_031.jpg?w=370&#038;h=247&#038;ssl=1\" srcset=\"https:\/\/i0.wp.com\/cartitaplimbareata.ro\/wp-content\/uploads\/Cartitaplimbareata_cetatea_dacica_Capalna_Alba_Patrimoniu_UNESCO_031.jpg?w=792&amp;ssl=1 792w, https:\/\/i0.wp.com\/cartitaplimbareata.ro\/wp-content\/uploads\/Cartitaplimbareata_cetatea_dacica_Capalna_Alba_Patrimoniu_UNESCO_031.jpg?resize=288%2C192&amp;ssl=1 288w, https:\/\/i0.wp.com\/cartitaplimbareata.ro\/wp-content\/uploads\/Cartitaplimbareata_cetatea_dacica_Capalna_Alba_Patrimoniu_UNESCO_031.jpg?resize=494%2C329&amp;ssl=1 494w\" width=\"370\" height=\"247\" loading=\"lazy\" data-original-width=\"370\" data-original-height=\"247\" itemprop=\"http:\/\/schema.org\/image\" title=\"Drumul de acces - Cetatea dacica de la Capalna\" alt=\"Drumul de acces - Cetatea dacica de la Capalna\" style=\"width: 370px; height: 247px;\" \/> <\/a> <\/div> <\/div> <!-- close group --> <div class=\"gallery-group images-1\" style=\"width: 796px; height: 532px;\" data-original-width=\"796\" data-original-height=\"532\" > <div class=\"tiled-gallery-item tiled-gallery-item-large\" itemprop=\"associatedMedia\" itemscope itemtype=\"http:\/\/schema.org\/ImageObject\"> <a href=\"https:\/\/i0.wp.com\/cartitaplimbareata.ro\/wp-content\/uploads\/Cartitaplimbareata_cetatea_dacica_Capalna_Alba_Patrimoniu_UNESCO_040.jpg?ssl=1\" border=\"0\" itemprop=\"url\" rel=\"lightbox[6061]\"> <meta itemprop=\"width\" content=\"792\"> <meta itemprop=\"height\" content=\"528\"> <img decoding=\"async\" class=\"\" data-attachment-id=\"6082\" data-orig-file=\"https:\/\/cartitaplimbareata.ro\/wp-content\/uploads\/Cartitaplimbareata_cetatea_dacica_Capalna_Alba_Patrimoniu_UNESCO_040.jpg\" data-orig-size=\"792,528\" data-comments-opened=\"1\" data-image-meta=\"{&quot;aperture&quot;:&quot;5&quot;,&quot;credit&quot;:&quot;&quot;,&quot;camera&quot;:&quot;Canon EOS 40D&quot;,&quot;caption&quot;:&quot;&quot;,&quot;created_timestamp&quot;:&quot;1312909127&quot;,&quot;copyright&quot;:&quot;&quot;,&quot;focal_length&quot;:&quot;10&quot;,&quot;iso&quot;:&quot;800&quot;,&quot;shutter_speed&quot;:&quot;0.0025&quot;,&quot;title&quot;:&quot;&quot;}\" data-image-title=\"In scobiturile &amp;#8220;coada de randunica&amp;#8221; se asezau brane de lemn care uneau cele doua fete exterioare ale zidului &amp;#8211; Cetatea dacica de la Capalna\" data-image-description=\"\" data-medium-file=\"https:\/\/i0.wp.com\/cartitaplimbareata.ro\/wp-content\/uploads\/Cartitaplimbareata_cetatea_dacica_Capalna_Alba_Patrimoniu_UNESCO_040.jpg?fit=288%2C192&#038;ssl=1\" data-large-file=\"https:\/\/i0.wp.com\/cartitaplimbareata.ro\/wp-content\/uploads\/Cartitaplimbareata_cetatea_dacica_Capalna_Alba_Patrimoniu_UNESCO_040.jpg?fit=494%2C329&#038;ssl=1\" src=\"https:\/\/i0.wp.com\/cartitaplimbareata.ro\/wp-content\/uploads\/Cartitaplimbareata_cetatea_dacica_Capalna_Alba_Patrimoniu_UNESCO_040.jpg?w=792&#038;h=528&#038;ssl=1\" srcset=\"https:\/\/i0.wp.com\/cartitaplimbareata.ro\/wp-content\/uploads\/Cartitaplimbareata_cetatea_dacica_Capalna_Alba_Patrimoniu_UNESCO_040.jpg?w=792&amp;ssl=1 792w, https:\/\/i0.wp.com\/cartitaplimbareata.ro\/wp-content\/uploads\/Cartitaplimbareata_cetatea_dacica_Capalna_Alba_Patrimoniu_UNESCO_040.jpg?resize=288%2C192&amp;ssl=1 288w, https:\/\/i0.wp.com\/cartitaplimbareata.ro\/wp-content\/uploads\/Cartitaplimbareata_cetatea_dacica_Capalna_Alba_Patrimoniu_UNESCO_040.jpg?resize=494%2C329&amp;ssl=1 494w\" width=\"792\" height=\"528\" loading=\"lazy\" data-original-width=\"792\" data-original-height=\"528\" itemprop=\"http:\/\/schema.org\/image\" title=\"In scobiturile &quot;coada de randunica&quot; se asezau brane de lemn care uneau cele doua fete exterioare ale zidului - Cetatea dacica de la Capalna\" alt=\"In scobiturile &quot;coada de randunica&quot; se asezau brane de lemn care uneau cele doua fete exterioare ale zidului - Cetatea dacica de la Capalna\" style=\"width: 792px; height: 528px;\" \/> <\/a> <\/div> <\/div> <!-- close group --> <\/div> <!-- close row --> <div class=\"gallery-row\" style=\"width: 1170px; height: 393px;\" data-original-width=\"1170\" data-original-height=\"393\" > <div class=\"gallery-group images-1\" style=\"width: 588px; height: 393px;\" data-original-width=\"588\" data-original-height=\"393\" > <div class=\"tiled-gallery-item tiled-gallery-item-large\" itemprop=\"associatedMedia\" itemscope itemtype=\"http:\/\/schema.org\/ImageObject\"> <a href=\"https:\/\/i0.wp.com\/cartitaplimbareata.ro\/wp-content\/uploads\/Cartitaplimbareata_cetatea_dacica_Capalna_Alba_Patrimoniu_UNESCO_039.jpg?ssl=1\" border=\"0\" itemprop=\"url\" rel=\"lightbox[6061]\"> <meta itemprop=\"width\" content=\"584\"> <meta itemprop=\"height\" content=\"389\"> <img decoding=\"async\" class=\"\" data-attachment-id=\"6081\" data-orig-file=\"https:\/\/cartitaplimbareata.ro\/wp-content\/uploads\/Cartitaplimbareata_cetatea_dacica_Capalna_Alba_Patrimoniu_UNESCO_039.jpg\" data-orig-size=\"792,528\" data-comments-opened=\"1\" data-image-meta=\"{&quot;aperture&quot;:&quot;5&quot;,&quot;credit&quot;:&quot;&quot;,&quot;camera&quot;:&quot;Canon EOS 40D&quot;,&quot;caption&quot;:&quot;&quot;,&quot;created_timestamp&quot;:&quot;1312908997&quot;,&quot;copyright&quot;:&quot;&quot;,&quot;focal_length&quot;:&quot;24&quot;,&quot;iso&quot;:&quot;800&quot;,&quot;shutter_speed&quot;:&quot;0.005&quot;,&quot;title&quot;:&quot;&quot;}\" data-image-title=\"Scobitura in &amp;#8220;coada de randunica&amp;#8221; pentru zidul de aparare &amp;#8211; Cetatea dacica de la Capalna\" data-image-description=\"\" data-medium-file=\"https:\/\/i0.wp.com\/cartitaplimbareata.ro\/wp-content\/uploads\/Cartitaplimbareata_cetatea_dacica_Capalna_Alba_Patrimoniu_UNESCO_039.jpg?fit=288%2C192&#038;ssl=1\" data-large-file=\"https:\/\/i0.wp.com\/cartitaplimbareata.ro\/wp-content\/uploads\/Cartitaplimbareata_cetatea_dacica_Capalna_Alba_Patrimoniu_UNESCO_039.jpg?fit=494%2C329&#038;ssl=1\" src=\"https:\/\/i0.wp.com\/cartitaplimbareata.ro\/wp-content\/uploads\/Cartitaplimbareata_cetatea_dacica_Capalna_Alba_Patrimoniu_UNESCO_039.jpg?w=584&#038;h=389&#038;ssl=1\" srcset=\"https:\/\/i0.wp.com\/cartitaplimbareata.ro\/wp-content\/uploads\/Cartitaplimbareata_cetatea_dacica_Capalna_Alba_Patrimoniu_UNESCO_039.jpg?w=792&amp;ssl=1 792w, https:\/\/i0.wp.com\/cartitaplimbareata.ro\/wp-content\/uploads\/Cartitaplimbareata_cetatea_dacica_Capalna_Alba_Patrimoniu_UNESCO_039.jpg?resize=288%2C192&amp;ssl=1 288w, https:\/\/i0.wp.com\/cartitaplimbareata.ro\/wp-content\/uploads\/Cartitaplimbareata_cetatea_dacica_Capalna_Alba_Patrimoniu_UNESCO_039.jpg?resize=494%2C329&amp;ssl=1 494w\" width=\"584\" height=\"389\" loading=\"lazy\" data-original-width=\"584\" data-original-height=\"389\" itemprop=\"http:\/\/schema.org\/image\" title=\"Scobitura in &quot;coada de randunica&quot; pentru zidul de aparare - Cetatea dacica de la Capalna\" alt=\"Scobitura in &quot;coada de randunica&quot; pentru zidul de aparare - Cetatea dacica de la Capalna\" style=\"width: 584px; height: 389px;\" \/> <\/a> <\/div> <\/div> <!-- close group --> <div class=\"gallery-group images-1\" style=\"width: 582px; height: 393px;\" data-original-width=\"582\" data-original-height=\"393\" > <div class=\"tiled-gallery-item tiled-gallery-item-large\" itemprop=\"associatedMedia\" itemscope itemtype=\"http:\/\/schema.org\/ImageObject\"> <a href=\"https:\/\/i0.wp.com\/cartitaplimbareata.ro\/wp-content\/uploads\/Cartitaplimbareata_cetatea_dacica_Capalna_Alba_Patrimoniu_UNESCO_024.jpg?ssl=1\" border=\"0\" itemprop=\"url\" rel=\"lightbox[6061]\"> <meta itemprop=\"width\" content=\"578\"> <meta itemprop=\"height\" content=\"389\"> <img decoding=\"async\" class=\"\" data-attachment-id=\"6066\" data-orig-file=\"https:\/\/cartitaplimbareata.ro\/wp-content\/uploads\/Cartitaplimbareata_cetatea_dacica_Capalna_Alba_Patrimoniu_UNESCO_024.jpg\" data-orig-size=\"784,528\" data-comments-opened=\"1\" data-image-meta=\"{&quot;aperture&quot;:&quot;2.6&quot;,&quot;credit&quot;:&quot;&quot;,&quot;camera&quot;:&quot;Canon PowerShot A580&quot;,&quot;caption&quot;:&quot;&quot;,&quot;created_timestamp&quot;:&quot;1312911068&quot;,&quot;copyright&quot;:&quot;&quot;,&quot;focal_length&quot;:&quot;5.8&quot;,&quot;iso&quot;:&quot;200&quot;,&quot;shutter_speed&quot;:&quot;0.004&quot;,&quot;title&quot;:&quot;&quot;}\" data-image-title=\"Murus dacicus &amp;#8211; Cetatea dacica de la Capalna\" data-image-description=\"\" data-medium-file=\"https:\/\/i0.wp.com\/cartitaplimbareata.ro\/wp-content\/uploads\/Cartitaplimbareata_cetatea_dacica_Capalna_Alba_Patrimoniu_UNESCO_024.jpg?fit=288%2C193&#038;ssl=1\" data-large-file=\"https:\/\/i0.wp.com\/cartitaplimbareata.ro\/wp-content\/uploads\/Cartitaplimbareata_cetatea_dacica_Capalna_Alba_Patrimoniu_UNESCO_024.jpg?fit=494%2C332&#038;ssl=1\" src=\"https:\/\/i0.wp.com\/cartitaplimbareata.ro\/wp-content\/uploads\/Cartitaplimbareata_cetatea_dacica_Capalna_Alba_Patrimoniu_UNESCO_024.jpg?w=578&#038;h=389&#038;ssl=1\" srcset=\"https:\/\/i0.wp.com\/cartitaplimbareata.ro\/wp-content\/uploads\/Cartitaplimbareata_cetatea_dacica_Capalna_Alba_Patrimoniu_UNESCO_024.jpg?w=784&amp;ssl=1 784w, https:\/\/i0.wp.com\/cartitaplimbareata.ro\/wp-content\/uploads\/Cartitaplimbareata_cetatea_dacica_Capalna_Alba_Patrimoniu_UNESCO_024.jpg?resize=288%2C193&amp;ssl=1 288w, https:\/\/i0.wp.com\/cartitaplimbareata.ro\/wp-content\/uploads\/Cartitaplimbareata_cetatea_dacica_Capalna_Alba_Patrimoniu_UNESCO_024.jpg?resize=494%2C332&amp;ssl=1 494w\" width=\"578\" height=\"389\" loading=\"lazy\" data-original-width=\"578\" data-original-height=\"389\" itemprop=\"http:\/\/schema.org\/image\" title=\"Murus dacicus - Cetatea dacica de la Capalna\" alt=\"Murus dacicus - Cetatea dacica de la Capalna\" style=\"width: 578px; height: 389px;\" \/> <\/a> <\/div> <\/div> <!-- close group --> <\/div> <!-- close row --> <div class=\"gallery-row\" style=\"width: 1170px; height: 541px;\" data-original-width=\"1170\" data-original-height=\"541\" > <div class=\"gallery-group images-2\" style=\"width: 404px; height: 541px;\" data-original-width=\"404\" data-original-height=\"541\" > <div class=\"tiled-gallery-item tiled-gallery-item-large\" itemprop=\"associatedMedia\" itemscope itemtype=\"http:\/\/schema.org\/ImageObject\"> <a href=\"https:\/\/i0.wp.com\/cartitaplimbareata.ro\/wp-content\/uploads\/Cartitaplimbareata_cetatea_dacica_Capalna_Alba_Patrimoniu_UNESCO_038.jpg?ssl=1\" border=\"0\" itemprop=\"url\" rel=\"lightbox[6061]\"> <meta itemprop=\"width\" content=\"400\"> <meta itemprop=\"height\" content=\"267\"> <img decoding=\"async\" class=\"\" data-attachment-id=\"6080\" data-orig-file=\"https:\/\/cartitaplimbareata.ro\/wp-content\/uploads\/Cartitaplimbareata_cetatea_dacica_Capalna_Alba_Patrimoniu_UNESCO_038.jpg\" data-orig-size=\"792,528\" data-comments-opened=\"1\" data-image-meta=\"{&quot;aperture&quot;:&quot;5&quot;,&quot;credit&quot;:&quot;&quot;,&quot;camera&quot;:&quot;Canon EOS 40D&quot;,&quot;caption&quot;:&quot;&quot;,&quot;created_timestamp&quot;:&quot;1312908931&quot;,&quot;copyright&quot;:&quot;&quot;,&quot;focal_length&quot;:&quot;10&quot;,&quot;iso&quot;:&quot;800&quot;,&quot;shutter_speed&quot;:&quot;0.0125&quot;,&quot;title&quot;:&quot;&quot;}\" data-image-title=\"Zidul de incinta al cetatii &amp;#8211; Cetatea dacica de la Capalna\" data-image-description=\"\" data-medium-file=\"https:\/\/i0.wp.com\/cartitaplimbareata.ro\/wp-content\/uploads\/Cartitaplimbareata_cetatea_dacica_Capalna_Alba_Patrimoniu_UNESCO_038.jpg?fit=288%2C192&#038;ssl=1\" data-large-file=\"https:\/\/i0.wp.com\/cartitaplimbareata.ro\/wp-content\/uploads\/Cartitaplimbareata_cetatea_dacica_Capalna_Alba_Patrimoniu_UNESCO_038.jpg?fit=494%2C329&#038;ssl=1\" src=\"https:\/\/i0.wp.com\/cartitaplimbareata.ro\/wp-content\/uploads\/Cartitaplimbareata_cetatea_dacica_Capalna_Alba_Patrimoniu_UNESCO_038.jpg?w=400&#038;h=267&#038;ssl=1\" srcset=\"https:\/\/i0.wp.com\/cartitaplimbareata.ro\/wp-content\/uploads\/Cartitaplimbareata_cetatea_dacica_Capalna_Alba_Patrimoniu_UNESCO_038.jpg?w=792&amp;ssl=1 792w, https:\/\/i0.wp.com\/cartitaplimbareata.ro\/wp-content\/uploads\/Cartitaplimbareata_cetatea_dacica_Capalna_Alba_Patrimoniu_UNESCO_038.jpg?resize=288%2C192&amp;ssl=1 288w, https:\/\/i0.wp.com\/cartitaplimbareata.ro\/wp-content\/uploads\/Cartitaplimbareata_cetatea_dacica_Capalna_Alba_Patrimoniu_UNESCO_038.jpg?resize=494%2C329&amp;ssl=1 494w\" width=\"400\" height=\"267\" loading=\"lazy\" data-original-width=\"400\" data-original-height=\"267\" itemprop=\"http:\/\/schema.org\/image\" title=\"Zidul de incinta al cetatii - Cetatea dacica de la Capalna\" alt=\"Zidul de incinta al cetatii - Cetatea dacica de la Capalna\" style=\"width: 400px; height: 267px;\" \/> <\/a> <\/div> <div class=\"tiled-gallery-item tiled-gallery-item-large\" itemprop=\"associatedMedia\" itemscope itemtype=\"http:\/\/schema.org\/ImageObject\"> <a href=\"https:\/\/i0.wp.com\/cartitaplimbareata.ro\/wp-content\/uploads\/Cartitaplimbareata_cetatea_dacica_Capalna_Alba_Patrimoniu_UNESCO_032.jpg?ssl=1\" border=\"0\" itemprop=\"url\" rel=\"lightbox[6061]\"> <meta itemprop=\"width\" content=\"400\"> <meta itemprop=\"height\" content=\"266\"> <img decoding=\"async\" class=\"\" data-attachment-id=\"6074\" data-orig-file=\"https:\/\/cartitaplimbareata.ro\/wp-content\/uploads\/Cartitaplimbareata_cetatea_dacica_Capalna_Alba_Patrimoniu_UNESCO_032.jpg\" data-orig-size=\"792,528\" data-comments-opened=\"1\" data-image-meta=\"{&quot;aperture&quot;:&quot;6.3&quot;,&quot;credit&quot;:&quot;&quot;,&quot;camera&quot;:&quot;Canon EOS 40D&quot;,&quot;caption&quot;:&quot;&quot;,&quot;created_timestamp&quot;:&quot;1312908135&quot;,&quot;copyright&quot;:&quot;&quot;,&quot;focal_length&quot;:&quot;10&quot;,&quot;iso&quot;:&quot;800&quot;,&quot;shutter_speed&quot;:&quot;0.004&quot;,&quot;title&quot;:&quot;&quot;}\" data-image-title=\"Zidurile groase ale turnului locuinta &amp;#8211; Cetatea dacica de la Capalna\" data-image-description=\"\" data-medium-file=\"https:\/\/i0.wp.com\/cartitaplimbareata.ro\/wp-content\/uploads\/Cartitaplimbareata_cetatea_dacica_Capalna_Alba_Patrimoniu_UNESCO_032.jpg?fit=288%2C192&#038;ssl=1\" data-large-file=\"https:\/\/i0.wp.com\/cartitaplimbareata.ro\/wp-content\/uploads\/Cartitaplimbareata_cetatea_dacica_Capalna_Alba_Patrimoniu_UNESCO_032.jpg?fit=494%2C329&#038;ssl=1\" src=\"https:\/\/i0.wp.com\/cartitaplimbareata.ro\/wp-content\/uploads\/Cartitaplimbareata_cetatea_dacica_Capalna_Alba_Patrimoniu_UNESCO_032.jpg?w=400&#038;h=266&#038;ssl=1\" srcset=\"https:\/\/i0.wp.com\/cartitaplimbareata.ro\/wp-content\/uploads\/Cartitaplimbareata_cetatea_dacica_Capalna_Alba_Patrimoniu_UNESCO_032.jpg?w=792&amp;ssl=1 792w, https:\/\/i0.wp.com\/cartitaplimbareata.ro\/wp-content\/uploads\/Cartitaplimbareata_cetatea_dacica_Capalna_Alba_Patrimoniu_UNESCO_032.jpg?resize=288%2C192&amp;ssl=1 288w, https:\/\/i0.wp.com\/cartitaplimbareata.ro\/wp-content\/uploads\/Cartitaplimbareata_cetatea_dacica_Capalna_Alba_Patrimoniu_UNESCO_032.jpg?resize=494%2C329&amp;ssl=1 494w\" width=\"400\" height=\"266\" loading=\"lazy\" data-original-width=\"400\" data-original-height=\"266\" itemprop=\"http:\/\/schema.org\/image\" title=\"Zidurile groase ale turnului locuinta - Cetatea dacica de la Capalna\" alt=\"Zidurile groase ale turnului locuinta - Cetatea dacica de la Capalna\" style=\"width: 400px; height: 266px;\" \/> <\/a> <\/div> <\/div> <!-- close group --> <div class=\"gallery-group images-1\" style=\"width: 362px; height: 541px;\" data-original-width=\"362\" data-original-height=\"541\" > <div class=\"tiled-gallery-item tiled-gallery-item-large\" itemprop=\"associatedMedia\" itemscope itemtype=\"http:\/\/schema.org\/ImageObject\"> <a href=\"https:\/\/i0.wp.com\/cartitaplimbareata.ro\/wp-content\/uploads\/Cartitaplimbareata_cetatea_dacica_Capalna_Alba_Patrimoniu_UNESCO_033.jpg?ssl=1\" border=\"0\" itemprop=\"url\" rel=\"lightbox[6061]\"> <meta itemprop=\"width\" content=\"358\"> <meta itemprop=\"height\" content=\"537\"> <img decoding=\"async\" class=\"\" data-attachment-id=\"6075\" data-orig-file=\"https:\/\/cartitaplimbareata.ro\/wp-content\/uploads\/Cartitaplimbareata_cetatea_dacica_Capalna_Alba_Patrimoniu_UNESCO_033.jpg\" data-orig-size=\"352,528\" data-comments-opened=\"1\" data-image-meta=\"{&quot;aperture&quot;:&quot;6.3&quot;,&quot;credit&quot;:&quot;&quot;,&quot;camera&quot;:&quot;Canon EOS 40D&quot;,&quot;caption&quot;:&quot;&quot;,&quot;created_timestamp&quot;:&quot;1312908154&quot;,&quot;copyright&quot;:&quot;&quot;,&quot;focal_length&quot;:&quot;10&quot;,&quot;iso&quot;:&quot;400&quot;,&quot;shutter_speed&quot;:&quot;0.008&quot;,&quot;title&quot;:&quot;&quot;}\" data-image-title=\"Turnul locuinta &amp;#8211; Cetatea dacica de la Capalna\" data-image-description=\"\" data-medium-file=\"https:\/\/i0.wp.com\/cartitaplimbareata.ro\/wp-content\/uploads\/Cartitaplimbareata_cetatea_dacica_Capalna_Alba_Patrimoniu_UNESCO_033.jpg?fit=192%2C288&#038;ssl=1\" data-large-file=\"https:\/\/i0.wp.com\/cartitaplimbareata.ro\/wp-content\/uploads\/Cartitaplimbareata_cetatea_dacica_Capalna_Alba_Patrimoniu_UNESCO_033.jpg?fit=329%2C494&#038;ssl=1\" src=\"https:\/\/i0.wp.com\/cartitaplimbareata.ro\/wp-content\/uploads\/Cartitaplimbareata_cetatea_dacica_Capalna_Alba_Patrimoniu_UNESCO_033.jpg?w=358&#038;h=537&#038;ssl=1\" srcset=\"https:\/\/i0.wp.com\/cartitaplimbareata.ro\/wp-content\/uploads\/Cartitaplimbareata_cetatea_dacica_Capalna_Alba_Patrimoniu_UNESCO_033.jpg?w=352&amp;ssl=1 352w, https:\/\/i0.wp.com\/cartitaplimbareata.ro\/wp-content\/uploads\/Cartitaplimbareata_cetatea_dacica_Capalna_Alba_Patrimoniu_UNESCO_033.jpg?resize=192%2C288&amp;ssl=1 192w, https:\/\/i0.wp.com\/cartitaplimbareata.ro\/wp-content\/uploads\/Cartitaplimbareata_cetatea_dacica_Capalna_Alba_Patrimoniu_UNESCO_033.jpg?resize=329%2C494&amp;ssl=1 329w\" width=\"358\" height=\"537\" loading=\"lazy\" data-original-width=\"358\" data-original-height=\"537\" itemprop=\"http:\/\/schema.org\/image\" title=\"Turnul locuinta - Cetatea dacica de la Capalna\" alt=\"Turnul locuinta - Cetatea dacica de la Capalna\" style=\"width: 358px; height: 537px;\" \/> <\/a> <\/div> <\/div> <!-- close group --> <div class=\"gallery-group images-2\" style=\"width: 404px; height: 541px;\" data-original-width=\"404\" data-original-height=\"541\" > <div class=\"tiled-gallery-item tiled-gallery-item-large\" itemprop=\"associatedMedia\" itemscope itemtype=\"http:\/\/schema.org\/ImageObject\"> <a href=\"https:\/\/i0.wp.com\/cartitaplimbareata.ro\/wp-content\/uploads\/Cartitaplimbareata_cetatea_dacica_Capalna_Alba_Patrimoniu_UNESCO_046.jpg?ssl=1\" border=\"0\" itemprop=\"url\" rel=\"lightbox[6061]\"> <meta itemprop=\"width\" content=\"400\"> <meta itemprop=\"height\" content=\"267\"> <img decoding=\"async\" class=\"\" data-attachment-id=\"6088\" data-orig-file=\"https:\/\/cartitaplimbareata.ro\/wp-content\/uploads\/Cartitaplimbareata_cetatea_dacica_Capalna_Alba_Patrimoniu_UNESCO_046.jpg\" data-orig-size=\"792,528\" data-comments-opened=\"1\" data-image-meta=\"{&quot;aperture&quot;:&quot;5.6&quot;,&quot;credit&quot;:&quot;&quot;,&quot;camera&quot;:&quot;Canon EOS 40D&quot;,&quot;caption&quot;:&quot;&quot;,&quot;created_timestamp&quot;:&quot;1312911317&quot;,&quot;copyright&quot;:&quot;&quot;,&quot;focal_length&quot;:&quot;11&quot;,&quot;iso&quot;:&quot;800&quot;,&quot;shutter_speed&quot;:&quot;0.005&quot;,&quot;title&quot;:&quot;&quot;}\" data-image-title=\"Trepte in timp &amp;#8211; Cetatea dacica de la Capalna\" data-image-description=\"\" data-medium-file=\"https:\/\/i0.wp.com\/cartitaplimbareata.ro\/wp-content\/uploads\/Cartitaplimbareata_cetatea_dacica_Capalna_Alba_Patrimoniu_UNESCO_046.jpg?fit=288%2C192&#038;ssl=1\" data-large-file=\"https:\/\/i0.wp.com\/cartitaplimbareata.ro\/wp-content\/uploads\/Cartitaplimbareata_cetatea_dacica_Capalna_Alba_Patrimoniu_UNESCO_046.jpg?fit=494%2C329&#038;ssl=1\" src=\"https:\/\/i0.wp.com\/cartitaplimbareata.ro\/wp-content\/uploads\/Cartitaplimbareata_cetatea_dacica_Capalna_Alba_Patrimoniu_UNESCO_046.jpg?w=400&#038;h=267&#038;ssl=1\" srcset=\"https:\/\/i0.wp.com\/cartitaplimbareata.ro\/wp-content\/uploads\/Cartitaplimbareata_cetatea_dacica_Capalna_Alba_Patrimoniu_UNESCO_046.jpg?w=792&amp;ssl=1 792w, https:\/\/i0.wp.com\/cartitaplimbareata.ro\/wp-content\/uploads\/Cartitaplimbareata_cetatea_dacica_Capalna_Alba_Patrimoniu_UNESCO_046.jpg?resize=288%2C192&amp;ssl=1 288w, https:\/\/i0.wp.com\/cartitaplimbareata.ro\/wp-content\/uploads\/Cartitaplimbareata_cetatea_dacica_Capalna_Alba_Patrimoniu_UNESCO_046.jpg?resize=494%2C329&amp;ssl=1 494w\" width=\"400\" height=\"267\" loading=\"lazy\" data-original-width=\"400\" data-original-height=\"267\" itemprop=\"http:\/\/schema.org\/image\" title=\"Trepte in timp - Cetatea dacica de la Capalna\" alt=\"Trepte in timp - Cetatea dacica de la Capalna\" style=\"width: 400px; height: 267px;\" \/> <\/a> <\/div> <div class=\"tiled-gallery-item tiled-gallery-item-large\" itemprop=\"associatedMedia\" itemscope itemtype=\"http:\/\/schema.org\/ImageObject\"> <a href=\"https:\/\/i0.wp.com\/cartitaplimbareata.ro\/wp-content\/uploads\/Cartitaplimbareata_cetatea_dacica_Capalna_Alba_Patrimoniu_UNESCO_034.jpg?ssl=1\" border=\"0\" itemprop=\"url\" rel=\"lightbox[6061]\"> <meta itemprop=\"width\" content=\"400\"> <meta itemprop=\"height\" content=\"266\"> <img decoding=\"async\" class=\"\" data-attachment-id=\"6076\" data-orig-file=\"https:\/\/cartitaplimbareata.ro\/wp-content\/uploads\/Cartitaplimbareata_cetatea_dacica_Capalna_Alba_Patrimoniu_UNESCO_034.jpg\" data-orig-size=\"792,528\" data-comments-opened=\"1\" data-image-meta=\"{&quot;aperture&quot;:&quot;6.3&quot;,&quot;credit&quot;:&quot;&quot;,&quot;camera&quot;:&quot;Canon EOS 40D&quot;,&quot;caption&quot;:&quot;&quot;,&quot;created_timestamp&quot;:&quot;1312908225&quot;,&quot;copyright&quot;:&quot;&quot;,&quot;focal_length&quot;:&quot;10&quot;,&quot;iso&quot;:&quot;400&quot;,&quot;shutter_speed&quot;:&quot;0.008&quot;,&quot;title&quot;:&quot;&quot;}\" data-image-title=\"Cetatea dacica de la Capalna\" data-image-description=\"\" data-medium-file=\"https:\/\/i0.wp.com\/cartitaplimbareata.ro\/wp-content\/uploads\/Cartitaplimbareata_cetatea_dacica_Capalna_Alba_Patrimoniu_UNESCO_034.jpg?fit=288%2C192&#038;ssl=1\" data-large-file=\"https:\/\/i0.wp.com\/cartitaplimbareata.ro\/wp-content\/uploads\/Cartitaplimbareata_cetatea_dacica_Capalna_Alba_Patrimoniu_UNESCO_034.jpg?fit=494%2C329&#038;ssl=1\" src=\"https:\/\/i0.wp.com\/cartitaplimbareata.ro\/wp-content\/uploads\/Cartitaplimbareata_cetatea_dacica_Capalna_Alba_Patrimoniu_UNESCO_034.jpg?w=400&#038;h=266&#038;ssl=1\" srcset=\"https:\/\/i0.wp.com\/cartitaplimbareata.ro\/wp-content\/uploads\/Cartitaplimbareata_cetatea_dacica_Capalna_Alba_Patrimoniu_UNESCO_034.jpg?w=792&amp;ssl=1 792w, https:\/\/i0.wp.com\/cartitaplimbareata.ro\/wp-content\/uploads\/Cartitaplimbareata_cetatea_dacica_Capalna_Alba_Patrimoniu_UNESCO_034.jpg?resize=288%2C192&amp;ssl=1 288w, https:\/\/i0.wp.com\/cartitaplimbareata.ro\/wp-content\/uploads\/Cartitaplimbareata_cetatea_dacica_Capalna_Alba_Patrimoniu_UNESCO_034.jpg?resize=494%2C329&amp;ssl=1 494w\" width=\"400\" height=\"266\" loading=\"lazy\" data-original-width=\"400\" data-original-height=\"266\" itemprop=\"http:\/\/schema.org\/image\" title=\"Cetatea dacica de la Capalna\" alt=\"Cetatea dacica de la Capalna\" style=\"width: 400px; height: 266px;\" \/> <\/a> <\/div> <\/div> <!-- close group --> <\/div> <!-- close row --> <div class=\"gallery-row\" style=\"width: 1170px; height: 265px;\" data-original-width=\"1170\" data-original-height=\"265\" > <div class=\"gallery-group images-1\" style=\"width: 396px; height: 265px;\" data-original-width=\"396\" data-original-height=\"265\" > <div class=\"tiled-gallery-item tiled-gallery-item-large\" itemprop=\"associatedMedia\" itemscope itemtype=\"http:\/\/schema.org\/ImageObject\"> <a href=\"https:\/\/i0.wp.com\/cartitaplimbareata.ro\/wp-content\/uploads\/Cartitaplimbareata_cetatea_dacica_Capalna_Alba_Patrimoniu_UNESCO_036.jpg?ssl=1\" border=\"0\" itemprop=\"url\" rel=\"lightbox[6061]\"> <meta itemprop=\"width\" content=\"392\"> <meta itemprop=\"height\" content=\"261\"> <img decoding=\"async\" class=\"\" data-attachment-id=\"6078\" data-orig-file=\"https:\/\/cartitaplimbareata.ro\/wp-content\/uploads\/Cartitaplimbareata_cetatea_dacica_Capalna_Alba_Patrimoniu_UNESCO_036.jpg\" data-orig-size=\"792,528\" data-comments-opened=\"1\" data-image-meta=\"{&quot;aperture&quot;:&quot;5.6&quot;,&quot;credit&quot;:&quot;&quot;,&quot;camera&quot;:&quot;Canon EOS 40D&quot;,&quot;caption&quot;:&quot;&quot;,&quot;created_timestamp&quot;:&quot;1312908508&quot;,&quot;copyright&quot;:&quot;&quot;,&quot;focal_length&quot;:&quot;10&quot;,&quot;iso&quot;:&quot;800&quot;,&quot;shutter_speed&quot;:&quot;0.004&quot;,&quot;title&quot;:&quot;&quot;}\" data-image-title=\"Stejari batrani umbresc ruinele turnului locuinta &amp;#8211; Cetatea dacica de la Capalna\" data-image-description=\"\" data-medium-file=\"https:\/\/i0.wp.com\/cartitaplimbareata.ro\/wp-content\/uploads\/Cartitaplimbareata_cetatea_dacica_Capalna_Alba_Patrimoniu_UNESCO_036.jpg?fit=288%2C192&#038;ssl=1\" data-large-file=\"https:\/\/i0.wp.com\/cartitaplimbareata.ro\/wp-content\/uploads\/Cartitaplimbareata_cetatea_dacica_Capalna_Alba_Patrimoniu_UNESCO_036.jpg?fit=494%2C329&#038;ssl=1\" src=\"https:\/\/i0.wp.com\/cartitaplimbareata.ro\/wp-content\/uploads\/Cartitaplimbareata_cetatea_dacica_Capalna_Alba_Patrimoniu_UNESCO_036.jpg?w=392&#038;h=261&#038;ssl=1\" srcset=\"https:\/\/i0.wp.com\/cartitaplimbareata.ro\/wp-content\/uploads\/Cartitaplimbareata_cetatea_dacica_Capalna_Alba_Patrimoniu_UNESCO_036.jpg?w=792&amp;ssl=1 792w, https:\/\/i0.wp.com\/cartitaplimbareata.ro\/wp-content\/uploads\/Cartitaplimbareata_cetatea_dacica_Capalna_Alba_Patrimoniu_UNESCO_036.jpg?resize=288%2C192&amp;ssl=1 288w, https:\/\/i0.wp.com\/cartitaplimbareata.ro\/wp-content\/uploads\/Cartitaplimbareata_cetatea_dacica_Capalna_Alba_Patrimoniu_UNESCO_036.jpg?resize=494%2C329&amp;ssl=1 494w\" width=\"392\" height=\"261\" loading=\"lazy\" data-original-width=\"392\" data-original-height=\"261\" itemprop=\"http:\/\/schema.org\/image\" title=\"Stejari batrani umbresc ruinele turnului locuinta - Cetatea dacica de la Capalna\" alt=\"Stejari batrani umbresc ruinele turnului locuinta - Cetatea dacica de la Capalna\" style=\"width: 392px; height: 261px;\" \/> <\/a> <\/div> <\/div> <!-- close group --> <div class=\"gallery-group images-1\" style=\"width: 178px; height: 265px;\" data-original-width=\"178\" data-original-height=\"265\" > <div class=\"tiled-gallery-item tiled-gallery-item-small\" itemprop=\"associatedMedia\" itemscope itemtype=\"http:\/\/schema.org\/ImageObject\"> <a href=\"https:\/\/i0.wp.com\/cartitaplimbareata.ro\/wp-content\/uploads\/Cartitaplimbareata_cetatea_dacica_Capalna_Alba_Patrimoniu_UNESCO_037.jpg?ssl=1\" border=\"0\" itemprop=\"url\" rel=\"lightbox[6061]\"> <meta itemprop=\"width\" content=\"174\"> <meta itemprop=\"height\" content=\"261\"> <img decoding=\"async\" class=\"\" data-attachment-id=\"6079\" data-orig-file=\"https:\/\/cartitaplimbareata.ro\/wp-content\/uploads\/Cartitaplimbareata_cetatea_dacica_Capalna_Alba_Patrimoniu_UNESCO_037.jpg\" data-orig-size=\"352,528\" data-comments-opened=\"1\" data-image-meta=\"{&quot;aperture&quot;:&quot;5.6&quot;,&quot;credit&quot;:&quot;&quot;,&quot;camera&quot;:&quot;Canon EOS 40D&quot;,&quot;caption&quot;:&quot;&quot;,&quot;created_timestamp&quot;:&quot;1312908651&quot;,&quot;copyright&quot;:&quot;&quot;,&quot;focal_length&quot;:&quot;14&quot;,&quot;iso&quot;:&quot;800&quot;,&quot;shutter_speed&quot;:&quot;0.002&quot;,&quot;title&quot;:&quot;&quot;}\" data-image-title=\"Murus dacicus &amp;#8211; Cetatea dacica de la Capalna\" data-image-description=\"\" data-medium-file=\"https:\/\/i0.wp.com\/cartitaplimbareata.ro\/wp-content\/uploads\/Cartitaplimbareata_cetatea_dacica_Capalna_Alba_Patrimoniu_UNESCO_037.jpg?fit=192%2C288&#038;ssl=1\" data-large-file=\"https:\/\/i0.wp.com\/cartitaplimbareata.ro\/wp-content\/uploads\/Cartitaplimbareata_cetatea_dacica_Capalna_Alba_Patrimoniu_UNESCO_037.jpg?fit=329%2C494&#038;ssl=1\" src=\"https:\/\/i0.wp.com\/cartitaplimbareata.ro\/wp-content\/uploads\/Cartitaplimbareata_cetatea_dacica_Capalna_Alba_Patrimoniu_UNESCO_037.jpg?w=174&#038;h=261&#038;ssl=1\" srcset=\"https:\/\/i0.wp.com\/cartitaplimbareata.ro\/wp-content\/uploads\/Cartitaplimbareata_cetatea_dacica_Capalna_Alba_Patrimoniu_UNESCO_037.jpg?w=352&amp;ssl=1 352w, https:\/\/i0.wp.com\/cartitaplimbareata.ro\/wp-content\/uploads\/Cartitaplimbareata_cetatea_dacica_Capalna_Alba_Patrimoniu_UNESCO_037.jpg?resize=192%2C288&amp;ssl=1 192w, https:\/\/i0.wp.com\/cartitaplimbareata.ro\/wp-content\/uploads\/Cartitaplimbareata_cetatea_dacica_Capalna_Alba_Patrimoniu_UNESCO_037.jpg?resize=329%2C494&amp;ssl=1 329w\" width=\"174\" height=\"261\" loading=\"lazy\" data-original-width=\"174\" data-original-height=\"261\" itemprop=\"http:\/\/schema.org\/image\" title=\"Murus dacicus - Cetatea dacica de la Capalna\" alt=\"Murus dacicus - Cetatea dacica de la Capalna\" style=\"width: 174px; height: 261px;\" \/> <\/a> <\/div> <\/div> <!-- close group --> <div class=\"gallery-group images-1\" style=\"width: 596px; height: 265px;\" data-original-width=\"596\" data-original-height=\"265\" > <div class=\"tiled-gallery-item tiled-gallery-item-large\" itemprop=\"associatedMedia\" itemscope itemtype=\"http:\/\/schema.org\/ImageObject\"> <a href=\"https:\/\/i0.wp.com\/cartitaplimbareata.ro\/wp-content\/uploads\/Cartitaplimbareata_cetatea_dacica_Capalna_Alba_Patrimoniu_UNESCO_035.jpg?ssl=1\" border=\"0\" itemprop=\"url\" rel=\"lightbox[6061]\"> <meta itemprop=\"width\" content=\"592\"> <meta itemprop=\"height\" content=\"261\"> <img decoding=\"async\" class=\"\" data-attachment-id=\"6077\" data-orig-file=\"https:\/\/cartitaplimbareata.ro\/wp-content\/uploads\/Cartitaplimbareata_cetatea_dacica_Capalna_Alba_Patrimoniu_UNESCO_035.jpg\" data-orig-size=\"792,350\" data-comments-opened=\"1\" data-image-meta=\"{&quot;aperture&quot;:&quot;6.3&quot;,&quot;credit&quot;:&quot;&quot;,&quot;camera&quot;:&quot;Canon EOS 40D&quot;,&quot;caption&quot;:&quot;&quot;,&quot;created_timestamp&quot;:&quot;1312908325&quot;,&quot;copyright&quot;:&quot;&quot;,&quot;focal_length&quot;:&quot;10&quot;,&quot;iso&quot;:&quot;400&quot;,&quot;shutter_speed&quot;:&quot;0.00625&quot;,&quot;title&quot;:&quot;&quot;}\" data-image-title=\"Panorama spresud din interiorul cetatii &amp;#8211; Cetatea dacica de la Capalna\" data-image-description=\"\" data-medium-file=\"https:\/\/i0.wp.com\/cartitaplimbareata.ro\/wp-content\/uploads\/Cartitaplimbareata_cetatea_dacica_Capalna_Alba_Patrimoniu_UNESCO_035.jpg?fit=288%2C127&#038;ssl=1\" data-large-file=\"https:\/\/i0.wp.com\/cartitaplimbareata.ro\/wp-content\/uploads\/Cartitaplimbareata_cetatea_dacica_Capalna_Alba_Patrimoniu_UNESCO_035.jpg?fit=494%2C218&#038;ssl=1\" src=\"https:\/\/i0.wp.com\/cartitaplimbareata.ro\/wp-content\/uploads\/Cartitaplimbareata_cetatea_dacica_Capalna_Alba_Patrimoniu_UNESCO_035.jpg?w=592&#038;h=261&#038;ssl=1\" srcset=\"https:\/\/i0.wp.com\/cartitaplimbareata.ro\/wp-content\/uploads\/Cartitaplimbareata_cetatea_dacica_Capalna_Alba_Patrimoniu_UNESCO_035.jpg?w=792&amp;ssl=1 792w, https:\/\/i0.wp.com\/cartitaplimbareata.ro\/wp-content\/uploads\/Cartitaplimbareata_cetatea_dacica_Capalna_Alba_Patrimoniu_UNESCO_035.jpg?resize=288%2C127&amp;ssl=1 288w, https:\/\/i0.wp.com\/cartitaplimbareata.ro\/wp-content\/uploads\/Cartitaplimbareata_cetatea_dacica_Capalna_Alba_Patrimoniu_UNESCO_035.jpg?resize=494%2C218&amp;ssl=1 494w\" width=\"592\" height=\"261\" loading=\"lazy\" data-original-width=\"592\" data-original-height=\"261\" itemprop=\"http:\/\/schema.org\/image\" title=\"Panorama spresud din interiorul cetatii - Cetatea dacica de la Capalna\" alt=\"Panorama spresud din interiorul cetatii - Cetatea dacica de la Capalna\" style=\"width: 592px; height: 261px;\" \/> <\/a> <\/div> <\/div> <!-- close group --> <\/div> <!-- close row --> <div class=\"gallery-row\" style=\"width: 1170px; height: 532px;\" data-original-width=\"1170\" data-original-height=\"532\" > <div class=\"gallery-group images-1\" style=\"width: 796px; height: 532px;\" data-original-width=\"796\" data-original-height=\"532\" > <div class=\"tiled-gallery-item tiled-gallery-item-large\" itemprop=\"associatedMedia\" itemscope itemtype=\"http:\/\/schema.org\/ImageObject\"> <a href=\"https:\/\/i0.wp.com\/cartitaplimbareata.ro\/wp-content\/uploads\/Cartitaplimbareata_cetatea_dacica_Capalna_Alba_Patrimoniu_UNESCO_043.jpg?ssl=1\" border=\"0\" itemprop=\"url\" rel=\"lightbox[6061]\"> <meta itemprop=\"width\" content=\"792\"> <meta itemprop=\"height\" content=\"528\"> <img decoding=\"async\" class=\"\" data-attachment-id=\"6085\" data-orig-file=\"https:\/\/cartitaplimbareata.ro\/wp-content\/uploads\/Cartitaplimbareata_cetatea_dacica_Capalna_Alba_Patrimoniu_UNESCO_043.jpg\" data-orig-size=\"792,528\" data-comments-opened=\"1\" data-image-meta=\"{&quot;aperture&quot;:&quot;7.1&quot;,&quot;credit&quot;:&quot;&quot;,&quot;camera&quot;:&quot;Canon EOS 40D&quot;,&quot;caption&quot;:&quot;&quot;,&quot;created_timestamp&quot;:&quot;1312909572&quot;,&quot;copyright&quot;:&quot;&quot;,&quot;focal_length&quot;:&quot;10&quot;,&quot;iso&quot;:&quot;800&quot;,&quot;shutter_speed&quot;:&quot;0.00625&quot;,&quot;title&quot;:&quot;&quot;}\" data-image-title=\"Murus dacicus &amp;#8211; Cetatea dacica de la Capalna\" data-image-description=\"\" data-medium-file=\"https:\/\/i0.wp.com\/cartitaplimbareata.ro\/wp-content\/uploads\/Cartitaplimbareata_cetatea_dacica_Capalna_Alba_Patrimoniu_UNESCO_043.jpg?fit=288%2C192&#038;ssl=1\" data-large-file=\"https:\/\/i0.wp.com\/cartitaplimbareata.ro\/wp-content\/uploads\/Cartitaplimbareata_cetatea_dacica_Capalna_Alba_Patrimoniu_UNESCO_043.jpg?fit=494%2C329&#038;ssl=1\" src=\"https:\/\/i0.wp.com\/cartitaplimbareata.ro\/wp-content\/uploads\/Cartitaplimbareata_cetatea_dacica_Capalna_Alba_Patrimoniu_UNESCO_043.jpg?w=792&#038;h=528&#038;ssl=1\" srcset=\"https:\/\/i0.wp.com\/cartitaplimbareata.ro\/wp-content\/uploads\/Cartitaplimbareata_cetatea_dacica_Capalna_Alba_Patrimoniu_UNESCO_043.jpg?w=792&amp;ssl=1 792w, https:\/\/i0.wp.com\/cartitaplimbareata.ro\/wp-content\/uploads\/Cartitaplimbareata_cetatea_dacica_Capalna_Alba_Patrimoniu_UNESCO_043.jpg?resize=288%2C192&amp;ssl=1 288w, https:\/\/i0.wp.com\/cartitaplimbareata.ro\/wp-content\/uploads\/Cartitaplimbareata_cetatea_dacica_Capalna_Alba_Patrimoniu_UNESCO_043.jpg?resize=494%2C329&amp;ssl=1 494w\" width=\"792\" height=\"528\" loading=\"lazy\" data-original-width=\"792\" data-original-height=\"528\" itemprop=\"http:\/\/schema.org\/image\" title=\"Murus dacicus - Cetatea dacica de la Capalna\" alt=\"Murus dacicus - Cetatea dacica de la Capalna\" style=\"width: 792px; height: 528px;\" \/> <\/a> <\/div> <\/div> <!-- close group --> <div class=\"gallery-group images-2\" style=\"width: 374px; height: 532px;\" data-original-width=\"374\" data-original-height=\"532\" > <div class=\"tiled-gallery-item tiled-gallery-item-large\" itemprop=\"associatedMedia\" itemscope itemtype=\"http:\/\/schema.org\/ImageObject\"> <a href=\"https:\/\/i0.wp.com\/cartitaplimbareata.ro\/wp-content\/uploads\/Cartitaplimbareata_cetatea_dacica_Capalna_Alba_Patrimoniu_UNESCO_042.jpg?ssl=1\" border=\"0\" itemprop=\"url\" rel=\"lightbox[6061]\"> <meta itemprop=\"width\" content=\"370\"> <meta itemprop=\"height\" content=\"247\"> <img decoding=\"async\" class=\"\" data-attachment-id=\"6084\" data-orig-file=\"https:\/\/cartitaplimbareata.ro\/wp-content\/uploads\/Cartitaplimbareata_cetatea_dacica_Capalna_Alba_Patrimoniu_UNESCO_042.jpg\" data-orig-size=\"792,528\" data-comments-opened=\"1\" data-image-meta=\"{&quot;aperture&quot;:&quot;7.1&quot;,&quot;credit&quot;:&quot;&quot;,&quot;camera&quot;:&quot;Canon EOS 40D&quot;,&quot;caption&quot;:&quot;&quot;,&quot;created_timestamp&quot;:&quot;1312909528&quot;,&quot;copyright&quot;:&quot;&quot;,&quot;focal_length&quot;:&quot;10&quot;,&quot;iso&quot;:&quot;800&quot;,&quot;shutter_speed&quot;:&quot;0.00625&quot;,&quot;title&quot;:&quot;&quot;}\" data-image-title=\"Ruinele turnului locuinta &amp;#8211; Cetatea dacica de la Capalna\" data-image-description=\"\" data-medium-file=\"https:\/\/i0.wp.com\/cartitaplimbareata.ro\/wp-content\/uploads\/Cartitaplimbareata_cetatea_dacica_Capalna_Alba_Patrimoniu_UNESCO_042.jpg?fit=288%2C192&#038;ssl=1\" data-large-file=\"https:\/\/i0.wp.com\/cartitaplimbareata.ro\/wp-content\/uploads\/Cartitaplimbareata_cetatea_dacica_Capalna_Alba_Patrimoniu_UNESCO_042.jpg?fit=494%2C329&#038;ssl=1\" src=\"https:\/\/i0.wp.com\/cartitaplimbareata.ro\/wp-content\/uploads\/Cartitaplimbareata_cetatea_dacica_Capalna_Alba_Patrimoniu_UNESCO_042.jpg?w=370&#038;h=247&#038;ssl=1\" srcset=\"https:\/\/i0.wp.com\/cartitaplimbareata.ro\/wp-content\/uploads\/Cartitaplimbareata_cetatea_dacica_Capalna_Alba_Patrimoniu_UNESCO_042.jpg?w=792&amp;ssl=1 792w, https:\/\/i0.wp.com\/cartitaplimbareata.ro\/wp-content\/uploads\/Cartitaplimbareata_cetatea_dacica_Capalna_Alba_Patrimoniu_UNESCO_042.jpg?resize=288%2C192&amp;ssl=1 288w, https:\/\/i0.wp.com\/cartitaplimbareata.ro\/wp-content\/uploads\/Cartitaplimbareata_cetatea_dacica_Capalna_Alba_Patrimoniu_UNESCO_042.jpg?resize=494%2C329&amp;ssl=1 494w\" width=\"370\" height=\"247\" loading=\"lazy\" data-original-width=\"370\" data-original-height=\"247\" itemprop=\"http:\/\/schema.org\/image\" title=\"Ruinele turnului locuinta - Cetatea dacica de la Capalna\" alt=\"Ruinele turnului locuinta - Cetatea dacica de la Capalna\" style=\"width: 370px; height: 247px;\" \/> <\/a> <\/div> <div class=\"tiled-gallery-item tiled-gallery-item-large\" itemprop=\"associatedMedia\" itemscope itemtype=\"http:\/\/schema.org\/ImageObject\"> <a href=\"https:\/\/i0.wp.com\/cartitaplimbareata.ro\/wp-content\/uploads\/Cartitaplimbareata_cetatea_dacica_Capalna_Alba_Patrimoniu_UNESCO_022.jpg?ssl=1\" border=\"0\" itemprop=\"url\" rel=\"lightbox[6061]\"> <meta itemprop=\"width\" content=\"370\"> <meta itemprop=\"height\" content=\"277\"> <img decoding=\"async\" class=\"\" data-attachment-id=\"6064\" data-orig-file=\"https:\/\/cartitaplimbareata.ro\/wp-content\/uploads\/Cartitaplimbareata_cetatea_dacica_Capalna_Alba_Patrimoniu_UNESCO_022.jpg\" data-orig-size=\"704,528\" data-comments-opened=\"1\" data-image-meta=\"{&quot;aperture&quot;:&quot;2.6&quot;,&quot;credit&quot;:&quot;&quot;,&quot;camera&quot;:&quot;Canon PowerShot A580&quot;,&quot;caption&quot;:&quot;&quot;,&quot;created_timestamp&quot;:&quot;1312910872&quot;,&quot;copyright&quot;:&quot;&quot;,&quot;focal_length&quot;:&quot;5.8&quot;,&quot;iso&quot;:&quot;200&quot;,&quot;shutter_speed&quot;:&quot;0.0125&quot;,&quot;title&quot;:&quot;&quot;}\" data-image-title=\"Panoul informativ de la intrarea in zona cetatii &amp;#8211; Cetatea dacica de la Capalna\" data-image-description=\"\" data-medium-file=\"https:\/\/i0.wp.com\/cartitaplimbareata.ro\/wp-content\/uploads\/Cartitaplimbareata_cetatea_dacica_Capalna_Alba_Patrimoniu_UNESCO_022.jpg?fit=288%2C216&#038;ssl=1\" data-large-file=\"https:\/\/i0.wp.com\/cartitaplimbareata.ro\/wp-content\/uploads\/Cartitaplimbareata_cetatea_dacica_Capalna_Alba_Patrimoniu_UNESCO_022.jpg?fit=494%2C370&#038;ssl=1\" src=\"https:\/\/i0.wp.com\/cartitaplimbareata.ro\/wp-content\/uploads\/Cartitaplimbareata_cetatea_dacica_Capalna_Alba_Patrimoniu_UNESCO_022.jpg?w=370&#038;h=277&#038;ssl=1\" srcset=\"https:\/\/i0.wp.com\/cartitaplimbareata.ro\/wp-content\/uploads\/Cartitaplimbareata_cetatea_dacica_Capalna_Alba_Patrimoniu_UNESCO_022.jpg?w=704&amp;ssl=1 704w, https:\/\/i0.wp.com\/cartitaplimbareata.ro\/wp-content\/uploads\/Cartitaplimbareata_cetatea_dacica_Capalna_Alba_Patrimoniu_UNESCO_022.jpg?resize=288%2C216&amp;ssl=1 288w, https:\/\/i0.wp.com\/cartitaplimbareata.ro\/wp-content\/uploads\/Cartitaplimbareata_cetatea_dacica_Capalna_Alba_Patrimoniu_UNESCO_022.jpg?resize=494%2C370&amp;ssl=1 494w\" width=\"370\" height=\"277\" loading=\"lazy\" data-original-width=\"370\" data-original-height=\"277\" itemprop=\"http:\/\/schema.org\/image\" title=\"Panoul informativ de la intrarea in zona cetatii - Cetatea dacica de la Capalna\" alt=\"Panoul informativ de la intrarea in zona cetatii - Cetatea dacica de la Capalna\" style=\"width: 370px; height: 277px;\" \/> <\/a> <\/div> <\/div> <!-- close group --> <\/div> <!-- close row --> <div class=\"gallery-row\" style=\"width: 1170px; height: 575px;\" data-original-width=\"1170\" data-original-height=\"575\" > <div class=\"gallery-group images-2\" style=\"width: 404px; height: 575px;\" data-original-width=\"404\" data-original-height=\"575\" > <div class=\"tiled-gallery-item tiled-gallery-item-large\" itemprop=\"associatedMedia\" itemscope itemtype=\"http:\/\/schema.org\/ImageObject\"> <a href=\"https:\/\/i0.wp.com\/cartitaplimbareata.ro\/wp-content\/uploads\/Cartitaplimbareata_cetatea_dacica_Capalna_Alba_Patrimoniu_UNESCO_047.jpg?ssl=1\" border=\"0\" itemprop=\"url\" rel=\"lightbox[6061]\"> <meta itemprop=\"width\" content=\"400\"> <meta itemprop=\"height\" content=\"267\"> <img decoding=\"async\" class=\"\" data-attachment-id=\"6089\" data-orig-file=\"https:\/\/cartitaplimbareata.ro\/wp-content\/uploads\/Cartitaplimbareata_cetatea_dacica_Capalna_Alba_Patrimoniu_UNESCO_047.jpg\" data-orig-size=\"792,528\" data-comments-opened=\"1\" data-image-meta=\"{&quot;aperture&quot;:&quot;6.3&quot;,&quot;credit&quot;:&quot;&quot;,&quot;camera&quot;:&quot;Canon EOS 40D&quot;,&quot;caption&quot;:&quot;&quot;,&quot;created_timestamp&quot;:&quot;1312911938&quot;,&quot;copyright&quot;:&quot;&quot;,&quot;focal_length&quot;:&quot;18&quot;,&quot;iso&quot;:&quot;800&quot;,&quot;shutter_speed&quot;:&quot;0.01&quot;,&quot;title&quot;:&quot;&quot;}\" data-image-title=\"Drumeag pitoresc printre fagi pana la cetate &amp;#8211; Cetatea dacica de la Capalna\" data-image-description=\"\" data-medium-file=\"https:\/\/i0.wp.com\/cartitaplimbareata.ro\/wp-content\/uploads\/Cartitaplimbareata_cetatea_dacica_Capalna_Alba_Patrimoniu_UNESCO_047.jpg?fit=288%2C192&#038;ssl=1\" data-large-file=\"https:\/\/i0.wp.com\/cartitaplimbareata.ro\/wp-content\/uploads\/Cartitaplimbareata_cetatea_dacica_Capalna_Alba_Patrimoniu_UNESCO_047.jpg?fit=494%2C329&#038;ssl=1\" src=\"https:\/\/i0.wp.com\/cartitaplimbareata.ro\/wp-content\/uploads\/Cartitaplimbareata_cetatea_dacica_Capalna_Alba_Patrimoniu_UNESCO_047.jpg?w=400&#038;h=267&#038;ssl=1\" srcset=\"https:\/\/i0.wp.com\/cartitaplimbareata.ro\/wp-content\/uploads\/Cartitaplimbareata_cetatea_dacica_Capalna_Alba_Patrimoniu_UNESCO_047.jpg?w=792&amp;ssl=1 792w, https:\/\/i0.wp.com\/cartitaplimbareata.ro\/wp-content\/uploads\/Cartitaplimbareata_cetatea_dacica_Capalna_Alba_Patrimoniu_UNESCO_047.jpg?resize=288%2C192&amp;ssl=1 288w, https:\/\/i0.wp.com\/cartitaplimbareata.ro\/wp-content\/uploads\/Cartitaplimbareata_cetatea_dacica_Capalna_Alba_Patrimoniu_UNESCO_047.jpg?resize=494%2C329&amp;ssl=1 494w\" width=\"400\" height=\"267\" loading=\"lazy\" data-original-width=\"400\" data-original-height=\"267\" itemprop=\"http:\/\/schema.org\/image\" title=\"Drumeag pitoresc printre fagi pana la cetate - Cetatea dacica de la Capalna\" alt=\"Drumeag pitoresc printre fagi pana la cetate - Cetatea dacica de la Capalna\" style=\"width: 400px; height: 267px;\" \/> <\/a> <\/div> <div class=\"tiled-gallery-item tiled-gallery-item-large\" itemprop=\"associatedMedia\" itemscope itemtype=\"http:\/\/schema.org\/ImageObject\"> <a href=\"https:\/\/i0.wp.com\/cartitaplimbareata.ro\/wp-content\/uploads\/Cartitaplimbareata_cetatea_dacica_Capalna_Alba_Patrimoniu_UNESCO_028.jpg?ssl=1\" border=\"0\" itemprop=\"url\" rel=\"lightbox[6061]\"> <meta itemprop=\"width\" content=\"400\"> <meta itemprop=\"height\" content=\"300\"> <img decoding=\"async\" class=\"\" data-attachment-id=\"6070\" data-orig-file=\"https:\/\/cartitaplimbareata.ro\/wp-content\/uploads\/Cartitaplimbareata_cetatea_dacica_Capalna_Alba_Patrimoniu_UNESCO_028.jpg\" data-orig-size=\"704,528\" data-comments-opened=\"1\" data-image-meta=\"{&quot;aperture&quot;:&quot;3.5&quot;,&quot;credit&quot;:&quot;&quot;,&quot;camera&quot;:&quot;Canon PowerShot A580&quot;,&quot;caption&quot;:&quot;&quot;,&quot;created_timestamp&quot;:&quot;1312916485&quot;,&quot;copyright&quot;:&quot;&quot;,&quot;focal_length&quot;:&quot;9.984&quot;,&quot;iso&quot;:&quot;400&quot;,&quot;shutter_speed&quot;:&quot;0.01&quot;,&quot;title&quot;:&quot;&quot;}\" data-image-title=\"Pe drum te mai servesti si cu un mar &amp;#8211; Cetatea dacica de la Capalna\" data-image-description=\"\" data-medium-file=\"https:\/\/i0.wp.com\/cartitaplimbareata.ro\/wp-content\/uploads\/Cartitaplimbareata_cetatea_dacica_Capalna_Alba_Patrimoniu_UNESCO_028.jpg?fit=288%2C216&#038;ssl=1\" data-large-file=\"https:\/\/i0.wp.com\/cartitaplimbareata.ro\/wp-content\/uploads\/Cartitaplimbareata_cetatea_dacica_Capalna_Alba_Patrimoniu_UNESCO_028.jpg?fit=494%2C370&#038;ssl=1\" src=\"https:\/\/i0.wp.com\/cartitaplimbareata.ro\/wp-content\/uploads\/Cartitaplimbareata_cetatea_dacica_Capalna_Alba_Patrimoniu_UNESCO_028.jpg?w=400&#038;h=300&#038;ssl=1\" srcset=\"https:\/\/i0.wp.com\/cartitaplimbareata.ro\/wp-content\/uploads\/Cartitaplimbareata_cetatea_dacica_Capalna_Alba_Patrimoniu_UNESCO_028.jpg?w=704&amp;ssl=1 704w, https:\/\/i0.wp.com\/cartitaplimbareata.ro\/wp-content\/uploads\/Cartitaplimbareata_cetatea_dacica_Capalna_Alba_Patrimoniu_UNESCO_028.jpg?resize=288%2C216&amp;ssl=1 288w, https:\/\/i0.wp.com\/cartitaplimbareata.ro\/wp-content\/uploads\/Cartitaplimbareata_cetatea_dacica_Capalna_Alba_Patrimoniu_UNESCO_028.jpg?resize=494%2C370&amp;ssl=1 494w\" width=\"400\" height=\"300\" loading=\"lazy\" data-original-width=\"400\" data-original-height=\"300\" itemprop=\"http:\/\/schema.org\/image\" title=\"Pe drum te mai servesti si cu un mar - Cetatea dacica de la Capalna\" alt=\"Pe drum te mai servesti si cu un mar - Cetatea dacica de la Capalna\" style=\"width: 400px; height: 300px;\" \/> <\/a> <\/div> <\/div> <!-- close group --> <div class=\"gallery-group images-1\" style=\"width: 766px; height: 575px;\" data-original-width=\"766\" data-original-height=\"575\" > <div class=\"tiled-gallery-item tiled-gallery-item-large\" itemprop=\"associatedMedia\" itemscope itemtype=\"http:\/\/schema.org\/ImageObject\"> <a href=\"https:\/\/i0.wp.com\/cartitaplimbareata.ro\/wp-content\/uploads\/Cartitaplimbareata_cetatea_dacica_Capalna_Alba_Patrimoniu_UNESCO_029.jpg?ssl=1\" border=\"0\" itemprop=\"url\" rel=\"lightbox[6061]\"> <meta itemprop=\"width\" content=\"762\"> <meta itemprop=\"height\" content=\"571\"> <img decoding=\"async\" class=\"\" data-attachment-id=\"6071\" data-orig-file=\"https:\/\/cartitaplimbareata.ro\/wp-content\/uploads\/Cartitaplimbareata_cetatea_dacica_Capalna_Alba_Patrimoniu_UNESCO_029.jpg\" data-orig-size=\"704,528\" data-comments-opened=\"1\" data-image-meta=\"{&quot;aperture&quot;:&quot;2.6&quot;,&quot;credit&quot;:&quot;&quot;,&quot;camera&quot;:&quot;Canon PowerShot A580&quot;,&quot;caption&quot;:&quot;&quot;,&quot;created_timestamp&quot;:&quot;1312916704&quot;,&quot;copyright&quot;:&quot;&quot;,&quot;focal_length&quot;:&quot;5.8&quot;,&quot;iso&quot;:&quot;400&quot;,&quot;shutter_speed&quot;:&quot;0.008&quot;,&quot;title&quot;:&quot;&quot;}\" data-image-title=\"Poteca urca prin curtile oamenilor &amp;#8211; Cetatea dacica de la Capalna\" data-image-description=\"\" data-medium-file=\"https:\/\/i0.wp.com\/cartitaplimbareata.ro\/wp-content\/uploads\/Cartitaplimbareata_cetatea_dacica_Capalna_Alba_Patrimoniu_UNESCO_029.jpg?fit=288%2C216&#038;ssl=1\" data-large-file=\"https:\/\/i0.wp.com\/cartitaplimbareata.ro\/wp-content\/uploads\/Cartitaplimbareata_cetatea_dacica_Capalna_Alba_Patrimoniu_UNESCO_029.jpg?fit=494%2C370&#038;ssl=1\" src=\"https:\/\/i0.wp.com\/cartitaplimbareata.ro\/wp-content\/uploads\/Cartitaplimbareata_cetatea_dacica_Capalna_Alba_Patrimoniu_UNESCO_029.jpg?w=762&#038;h=571&#038;ssl=1\" srcset=\"https:\/\/i0.wp.com\/cartitaplimbareata.ro\/wp-content\/uploads\/Cartitaplimbareata_cetatea_dacica_Capalna_Alba_Patrimoniu_UNESCO_029.jpg?w=704&amp;ssl=1 704w, https:\/\/i0.wp.com\/cartitaplimbareata.ro\/wp-content\/uploads\/Cartitaplimbareata_cetatea_dacica_Capalna_Alba_Patrimoniu_UNESCO_029.jpg?resize=288%2C216&amp;ssl=1 288w, https:\/\/i0.wp.com\/cartitaplimbareata.ro\/wp-content\/uploads\/Cartitaplimbareata_cetatea_dacica_Capalna_Alba_Patrimoniu_UNESCO_029.jpg?resize=494%2C370&amp;ssl=1 494w\" width=\"762\" height=\"571\" loading=\"lazy\" data-original-width=\"762\" data-original-height=\"571\" itemprop=\"http:\/\/schema.org\/image\" title=\"Poteca urca prin curtile oamenilor - Cetatea dacica de la Capalna\" alt=\"Poteca urca prin curtile oamenilor - Cetatea dacica de la Capalna\" style=\"width: 762px; height: 571px;\" \/> <\/a> <\/div> <\/div> <!-- close group --> <\/div> <!-- close row --> <div class=\"gallery-row\" style=\"width: 1170px; height: 414px;\" data-original-width=\"1170\" data-original-height=\"414\" > <div class=\"gallery-group images-1\" style=\"width: 551px; height: 414px;\" data-original-width=\"551\" data-original-height=\"414\" > <div class=\"tiled-gallery-item tiled-gallery-item-large\" itemprop=\"associatedMedia\" itemscope itemtype=\"http:\/\/schema.org\/ImageObject\"> <a href=\"https:\/\/i0.wp.com\/cartitaplimbareata.ro\/wp-content\/uploads\/Cartitaplimbareata_cetatea_dacica_Capalna_Alba_Patrimoniu_UNESCO_030.jpg?ssl=1\" border=\"0\" itemprop=\"url\" rel=\"lightbox[6061]\"> <meta itemprop=\"width\" content=\"547\"> <meta itemprop=\"height\" content=\"410\"> <img decoding=\"async\" class=\"\" data-attachment-id=\"6072\" data-orig-file=\"https:\/\/cartitaplimbareata.ro\/wp-content\/uploads\/Cartitaplimbareata_cetatea_dacica_Capalna_Alba_Patrimoniu_UNESCO_030.jpg\" data-orig-size=\"704,528\" data-comments-opened=\"1\" data-image-meta=\"{&quot;aperture&quot;:&quot;4&quot;,&quot;credit&quot;:&quot;&quot;,&quot;camera&quot;:&quot;Canon PowerShot A580&quot;,&quot;caption&quot;:&quot;&quot;,&quot;created_timestamp&quot;:&quot;1312917045&quot;,&quot;copyright&quot;:&quot;&quot;,&quot;focal_length&quot;:&quot;12.643&quot;,&quot;iso&quot;:&quot;400&quot;,&quot;shutter_speed&quot;:&quot;0.005&quot;,&quot;title&quot;:&quot;&quot;}\" data-image-title=\"Cetatea dacica de la Capalna -indicatorul din localitate. Doi km pana la cetate\" data-image-description=\"\" data-medium-file=\"https:\/\/i0.wp.com\/cartitaplimbareata.ro\/wp-content\/uploads\/Cartitaplimbareata_cetatea_dacica_Capalna_Alba_Patrimoniu_UNESCO_030.jpg?fit=288%2C216&#038;ssl=1\" data-large-file=\"https:\/\/i0.wp.com\/cartitaplimbareata.ro\/wp-content\/uploads\/Cartitaplimbareata_cetatea_dacica_Capalna_Alba_Patrimoniu_UNESCO_030.jpg?fit=494%2C370&#038;ssl=1\" src=\"https:\/\/i0.wp.com\/cartitaplimbareata.ro\/wp-content\/uploads\/Cartitaplimbareata_cetatea_dacica_Capalna_Alba_Patrimoniu_UNESCO_030.jpg?w=547&#038;h=410&#038;ssl=1\" srcset=\"https:\/\/i0.wp.com\/cartitaplimbareata.ro\/wp-content\/uploads\/Cartitaplimbareata_cetatea_dacica_Capalna_Alba_Patrimoniu_UNESCO_030.jpg?w=704&amp;ssl=1 704w, https:\/\/i0.wp.com\/cartitaplimbareata.ro\/wp-content\/uploads\/Cartitaplimbareata_cetatea_dacica_Capalna_Alba_Patrimoniu_UNESCO_030.jpg?resize=288%2C216&amp;ssl=1 288w, https:\/\/i0.wp.com\/cartitaplimbareata.ro\/wp-content\/uploads\/Cartitaplimbareata_cetatea_dacica_Capalna_Alba_Patrimoniu_UNESCO_030.jpg?resize=494%2C370&amp;ssl=1 494w\" width=\"547\" height=\"410\" loading=\"lazy\" data-original-width=\"547\" data-original-height=\"410\" itemprop=\"http:\/\/schema.org\/image\" title=\"Cetatea dacica de la Capalna -indicatorul din localitate. Doi km pana la cetate\" alt=\"Cetatea dacica de la Capalna -indicatorul din localitate. Doi km pana la cetate\" style=\"width: 547px; height: 410px;\" \/> <\/a> <\/div> <\/div> <!-- close group --> <div class=\"gallery-group images-1\" style=\"width: 619px; height: 414px;\" data-original-width=\"619\" data-original-height=\"414\" > <div class=\"tiled-gallery-item tiled-gallery-item-large\" itemprop=\"associatedMedia\" itemscope itemtype=\"http:\/\/schema.org\/ImageObject\"> <a href=\"https:\/\/i0.wp.com\/cartitaplimbareata.ro\/wp-content\/uploads\/Cartitaplimbareata_cetatea_dacica_Capalna_Alba_Patrimoniu_UNESCO_045.jpg?ssl=1\" border=\"0\" itemprop=\"url\" rel=\"lightbox[6061]\"> <meta itemprop=\"width\" content=\"615\"> <meta itemprop=\"height\" content=\"410\"> <img decoding=\"async\" class=\"\" data-attachment-id=\"6087\" data-orig-file=\"https:\/\/cartitaplimbareata.ro\/wp-content\/uploads\/Cartitaplimbareata_cetatea_dacica_Capalna_Alba_Patrimoniu_UNESCO_045.jpg\" data-orig-size=\"792,528\" data-comments-opened=\"1\" data-image-meta=\"{&quot;aperture&quot;:&quot;5.6&quot;,&quot;credit&quot;:&quot;&quot;,&quot;camera&quot;:&quot;Canon EOS 40D&quot;,&quot;caption&quot;:&quot;&quot;,&quot;created_timestamp&quot;:&quot;1312911261&quot;,&quot;copyright&quot;:&quot;&quot;,&quot;focal_length&quot;:&quot;10&quot;,&quot;iso&quot;:&quot;800&quot;,&quot;shutter_speed&quot;:&quot;0.00625&quot;,&quot;title&quot;:&quot;&quot;}\" data-image-title=\"Cetatea dacica de la Capalna &amp;#8211; turnul locuinta\" data-image-description=\"\" data-medium-file=\"https:\/\/i0.wp.com\/cartitaplimbareata.ro\/wp-content\/uploads\/Cartitaplimbareata_cetatea_dacica_Capalna_Alba_Patrimoniu_UNESCO_045.jpg?fit=288%2C192&#038;ssl=1\" data-large-file=\"https:\/\/i0.wp.com\/cartitaplimbareata.ro\/wp-content\/uploads\/Cartitaplimbareata_cetatea_dacica_Capalna_Alba_Patrimoniu_UNESCO_045.jpg?fit=494%2C329&#038;ssl=1\" src=\"https:\/\/i0.wp.com\/cartitaplimbareata.ro\/wp-content\/uploads\/Cartitaplimbareata_cetatea_dacica_Capalna_Alba_Patrimoniu_UNESCO_045.jpg?w=615&#038;h=410&#038;ssl=1\" srcset=\"https:\/\/i0.wp.com\/cartitaplimbareata.ro\/wp-content\/uploads\/Cartitaplimbareata_cetatea_dacica_Capalna_Alba_Patrimoniu_UNESCO_045.jpg?w=792&amp;ssl=1 792w, https:\/\/i0.wp.com\/cartitaplimbareata.ro\/wp-content\/uploads\/Cartitaplimbareata_cetatea_dacica_Capalna_Alba_Patrimoniu_UNESCO_045.jpg?resize=288%2C192&amp;ssl=1 288w, https:\/\/i0.wp.com\/cartitaplimbareata.ro\/wp-content\/uploads\/Cartitaplimbareata_cetatea_dacica_Capalna_Alba_Patrimoniu_UNESCO_045.jpg?resize=494%2C329&amp;ssl=1 494w\" width=\"615\" height=\"410\" loading=\"lazy\" data-original-width=\"615\" data-original-height=\"410\" itemprop=\"http:\/\/schema.org\/image\" title=\"Cetatea dacica de la Capalna - turnul locuinta\" alt=\"Cetatea dacica de la Capalna - turnul locuinta\" style=\"width: 615px; height: 410px;\" \/> <\/a> <\/div> <\/div> <!-- close group --> <\/div> <!-- close row --> <\/div>\n","protected":false},"excerpt":{"rendered":"<p>Parca maine o sa auzim la stiri ca se redeschide Transalpina asa ca ar fi fain sa avem planul de bataie deja facut pentru zilele de primavara si vara care [&hellip;]<\/p>\n","protected":false},"author":1,"featured_media":6087,"comment_status":"open","ping_status":"open","sticky":false,"template":"","format":"standard","meta":{"ngg_post_thumbnail":0,"jetpack_post_was_ever_published":false,"_jetpack_newsletter_access":"","_jetpack_dont_email_post_to_subs":false,"_jetpack_newsletter_tier_id":0,"_jetpack_memberships_contains_paywalled_content":false,"_jetpack_memberships_contains_paid_content":false,"footnotes":"","jetpack_publicize_message":"","jetpack_publicize_feature_enabled":true,"jetpack_social_post_already_shared":false,"jetpack_social_options":{"image_generator_settings":{"template":"highway","default_image_id":0,"font":"","enabled":false},"version":2}},"categories":[25],"tags":[64,110,112,113,111],"class_list":["post-6061","post","type-post","status-publish","format-standard","has-post-thumbnail","hentry","category-de-oras","tag-alba","tag-cetati-dacice","tag-sebes","tag-sureanu","tag-transalpina"],"aioseo_notices":[],"jetpack_publicize_connections":[],"jetpack_featured_media_url":"https:\/\/i0.wp.com\/cartitaplimbareata.ro\/wp-content\/uploads\/Cartitaplimbareata_cetatea_dacica_Capalna_Alba_Patrimoniu_UNESCO_045.jpg?fit=792%2C528&ssl=1","jetpack_sharing_enabled":true,"jetpack_shortlink":"https:\/\/wp.me\/p65bIc-1zL","_links":{"self":[{"href":"https:\/\/cartitaplimbareata.ro\/index.php\/wp-json\/wp\/v2\/posts\/6061","targetHints":{"allow":["GET"]}}],"collection":[{"href":"https:\/\/cartitaplimbareata.ro\/index.php\/wp-json\/wp\/v2\/posts"}],"about":[{"href":"https:\/\/cartitaplimbareata.ro\/index.php\/wp-json\/wp\/v2\/types\/post"}],"author":[{"embeddable":true,"href":"https:\/\/cartitaplimbareata.ro\/index.php\/wp-json\/wp\/v2\/users\/1"}],"replies":[{"embeddable":true,"href":"https:\/\/cartitaplimbareata.ro\/index.php\/wp-json\/wp\/v2\/comments?post=6061"}],"version-history":[{"count":29,"href":"https:\/\/cartitaplimbareata.ro\/index.php\/wp-json\/wp\/v2\/posts\/6061\/revisions"}],"predecessor-version":[{"id":6119,"href":"https:\/\/cartitaplimbareata.ro\/index.php\/wp-json\/wp\/v2\/posts\/6061\/revisions\/6119"}],"wp:featuredmedia":[{"embeddable":true,"href":"https:\/\/cartitaplimbareata.ro\/index.php\/wp-json\/wp\/v2\/media\/6087"}],"wp:attachment":[{"href":"https:\/\/cartitaplimbareata.ro\/index.php\/wp-json\/wp\/v2\/media?parent=6061"}],"wp:term":[{"taxonomy":"category","embeddable":true,"href":"https:\/\/cartitaplimbareata.ro\/index.php\/wp-json\/wp\/v2\/categories?post=6061"},{"taxonomy":"post_tag","embeddable":true,"href":"https:\/\/cartitaplimbareata.ro\/index.php\/wp-json\/wp\/v2\/tags?post=6061"}],"curies":[{"name":"wp","href":"https:\/\/api.w.org\/{rel}","templated":true}]}}