{"id":647,"date":"2010-08-17T07:54:50","date_gmt":"2010-08-17T07:54:50","guid":{"rendered":"http:\/\/toprural.ro\/?p=647"},"modified":"2012-12-08T09:02:02","modified_gmt":"2012-12-08T09:02:02","slug":"transfagarasan-balea-lacul-capra-muntii-fagaras","status":"publish","type":"post","link":"https:\/\/cartitaplimbareata.ro\/index.php\/647\/transfagarasan-balea-lacul-capra-muntii-fagaras\/","title":{"rendered":"Transf\u0103g\u0103r\u0103\u015fan, B\u00e2lea, Lacul Capra (Mun\u0163ii F\u0103g\u0103ra\u015f)"},"content":{"rendered":"<p>Un exemplu tipic de excursie de unde po\u0163i s\u0103 te \u00eentorci relaxat sau mai stresat dec\u00e2t ai plecat, jur\u00e2nd s\u0103 nu mai faci a\u015fa ceva c\u00e2te zile vei mai avea :-). \u015ei totul depinde de momentul pe care \u0163i l-ai ales pentru asta.<\/p>\n<p>Este simplu: NU categoric \u00een weekend-urile de var\u0103, mai ales dac\u0103 e vreo s\u0103rb\u0103toare sau m\u0103car motiv de s\u0103rb\u0103toare. Ri\u015fti s\u0103 stai \u00een ma\u015fin\u0103 a\u015fa cum stai \u00een cea mai aglomerat\u0103 diminea\u0163\u0103 \u00een ora\u015f. \u015ei frustrarea e cu at\u00e2t mai mare cu c\u00e2t aici ai un peisaj absolut superb \u015fi tu e\u015fti sortit s\u0103 petreci ore, da, ore \u00een \u015fir a\u015ftep\u00e2nd s\u0103 te mai deplasezi un kilometru \u015fi te intrebi cine oare te-a pus s\u0103 faci asta \u00een loc s\u0103 alegi oricare alt drum, mai bun sau mai r\u0103u, asfaltat sau forestier, pentru o zi de munte.<\/p>\n<p>Buun&#8230;dar s\u0103 trecem peste asta&#8230; \u015fi peste starea drumului, bun\u0103 \u00een nord \u015fi &#8220;digerabil\u0103&#8221; \u00een sud, mai pu\u0163in \u00een tunel.<\/p>\n<p>Peisajul absolut superb reu\u015fe\u015fte p\u00e2n\u0103 la urm\u0103 s\u0103 te reseteze la o stare de calm \u015fi ui\u0163i de cele rele. Dac\u0103 nu ai alte planuri de excursie, merit\u0103 s\u0103 te desprinzi de zona lacului \u015fi a cabanei B\u00e2lea \u015fi s\u0103 urci pu\u0163in p\u00e2n\u0103 \u00een \u015faua Capra, de unde ajungi \u00een 15 minute l\u00e2ng\u0103 lacul cu acela\u015fi nume. Toat\u0103 g\u0103l\u0103gia de la B\u00e2lea e demult uitat\u0103, iar cabana \u015fi lacul par miniaturi. Aici pare c\u0103 e\u015fti \u00een mijlocul mun\u0163ilor.<\/p>\n<p>Fie c\u0103 dai un tur de lac, fie c\u0103 te odihne\u015fti la soare sau te hot\u0103r\u0103\u015fti s\u0103 mai faci o urcare mic\u0103, de o or\u0103, \u00a0p\u00e2n\u0103 pe V\u00e2n\u0103toarea lui Buteanu (2507m), de jur \u00eemprejur peisajul este unul de zile mari. Creasta F\u0103g\u0103ra\u015fului, un amalgam de v\u00e2rfuri, st\u00e2nc\u0103rii \u015fi abrupturi, se desf\u0103\u015foar\u0103 c\u00e2t vezi cu ochii, p\u00e2n\u0103 spre Negoiu sau spre Vi\u015ftea Mare \u015fi Moldoveanu. \u015ei dac\u0103 la toate astea mai adaugi \u015fi garofi\u0163e, clopo\u0163ei sau c\u00e2te o acvil\u0103 ori corb r\u0103t\u0103cite \u00een aer, po\u0163i spune c\u0103 ai avut o zi superb\u0103&#8230;<\/p>\n<p>&#8230;numai bun\u0103 s\u0103 te \u00eentorci \u00een trafic :-).<br \/>\n<span style=\"color: #c0c0c0;\">&#8212;&#8212;&#8212;&#8212;&#8212;&#8212;&#8212;&#8211;<br \/>\n<\/span><strong><span style=\"color: #c0c0c0;\">Vezi \u015fi:<\/span><br \/>\nExtern: <a href=\"http:\/\/maps.google.com\/?ie=UTF8&amp;t=f&amp;ecpose=45.59904707,24.62664609,9600.9,-0.233,0,0&amp;ll=45.599047,24.626646&amp;spn=0.046962,0.109863&amp;z=14\" target=\"_blank\">Harta<\/a>,\u00a0<a href=\"http:\/\/www.220.ro\/vacanta\/Top-Gear-Transfagarasan-Romania-2009-HD\/klKVlfGHFT\/\" target=\"_blank\">Transf\u0103g\u0103r\u0103san -TopGear<\/a><\/strong><\/p>\n","protected":false},"excerpt":{"rendered":"<p>Un exemplu tipic de excursie de unde po\u0163i s\u0103 te \u00eentorci relaxat sau mai stresat dec\u00e2t ai plecat, jur\u00e2nd s\u0103 nu mai faci a\u015fa ceva c\u00e2te zile vei mai avea [&hellip;]<\/p>\n","protected":false},"author":1,"featured_media":651,"comment_status":"open","ping_status":"open","sticky":false,"template":"","format":"standard","meta":{"ngg_post_thumbnail":0,"jetpack_post_was_ever_published":false,"_jetpack_newsletter_access":"","_jetpack_dont_email_post_to_subs":false,"_jetpack_newsletter_tier_id":0,"_jetpack_memberships_contains_paywalled_content":false,"_jetpack_memberships_contains_paid_content":false,"footnotes":"","jetpack_publicize_message":"","jetpack_publicize_feature_enabled":true,"jetpack_social_post_already_shared":false,"jetpack_social_options":{"image_generator_settings":{"template":"highway","default_image_id":0,"font":"","enabled":false},"version":2}},"categories":[35],"tags":[51,49],"class_list":["post-647","post","type-post","status-publish","format-standard","has-post-thumbnail","hentry","category-blog","tag-arges","tag-sibiu"],"aioseo_notices":[],"jetpack_publicize_connections":[],"jetpack_featured_media_url":"https:\/\/i0.wp.com\/cartitaplimbareata.ro\/wp-content\/uploads\/MG_5586-e1343235808508.jpg?fit=800%2C533&ssl=1","jetpack_sharing_enabled":true,"jetpack_shortlink":"https:\/\/wp.me\/p65bIc-ar","_links":{"self":[{"href":"https:\/\/cartitaplimbareata.ro\/index.php\/wp-json\/wp\/v2\/posts\/647","targetHints":{"allow":["GET"]}}],"collection":[{"href":"https:\/\/cartitaplimbareata.ro\/index.php\/wp-json\/wp\/v2\/posts"}],"about":[{"href":"https:\/\/cartitaplimbareata.ro\/index.php\/wp-json\/wp\/v2\/types\/post"}],"author":[{"embeddable":true,"href":"https:\/\/cartitaplimbareata.ro\/index.php\/wp-json\/wp\/v2\/users\/1"}],"replies":[{"embeddable":true,"href":"https:\/\/cartitaplimbareata.ro\/index.php\/wp-json\/wp\/v2\/comments?post=647"}],"version-history":[{"count":33,"href":"https:\/\/cartitaplimbareata.ro\/index.php\/wp-json\/wp\/v2\/posts\/647\/revisions"}],"predecessor-version":[{"id":5712,"href":"https:\/\/cartitaplimbareata.ro\/index.php\/wp-json\/wp\/v2\/posts\/647\/revisions\/5712"}],"wp:featuredmedia":[{"embeddable":true,"href":"https:\/\/cartitaplimbareata.ro\/index.php\/wp-json\/wp\/v2\/media\/651"}],"wp:attachment":[{"href":"https:\/\/cartitaplimbareata.ro\/index.php\/wp-json\/wp\/v2\/media?parent=647"}],"wp:term":[{"taxonomy":"category","embeddable":true,"href":"https:\/\/cartitaplimbareata.ro\/index.php\/wp-json\/wp\/v2\/categories?post=647"},{"taxonomy":"post_tag","embeddable":true,"href":"https:\/\/cartitaplimbareata.ro\/index.php\/wp-json\/wp\/v2\/tags?post=647"}],"curies":[{"name":"wp","href":"https:\/\/api.w.org\/{rel}","templated":true}]}}