{"id":895,"date":"2011-01-14T10:49:08","date_gmt":"2011-01-14T10:49:08","guid":{"rendered":"http:\/\/toprural.ro\/?p=895"},"modified":"2012-12-08T08:52:48","modified_gmt":"2012-12-08T08:52:48","slug":"lacul-sfanta-ana-tusnad-iarna","status":"publish","type":"post","link":"https:\/\/cartitaplimbareata.ro\/index.php\/895\/lacul-sfanta-ana-tusnad-iarna\/","title":{"rendered":"Lacul Sf\u00e2nta Ana, B\u0103ile Tu\u015fnad (iarna)"},"content":{"rendered":"<p>Originea vulcanic\u0103 face din lacul Sf\u00e2nta Ana un unicat \u00een Rom\u00e2nia \u015fi, totodat\u0103, \u00eel claseaz\u0103 printre pu\u0163inele de acest fel din Europa. Legat permanent ca destina\u0163ie turistic\u0103 de sta\u0163iunea din apropiere, B\u0103ile Tu\u015fnad, lacul este situat \u00een craterul\u00a0Ciomatu din masivul Ciomat-Puturosu, la o altitudine de 946 de metri.\u00a0Lacul nu este unul foarte mare, dar te impresioneaz\u0103 imediat prin pitorescul culmilor montane \u015fi al p\u0103durilor de brad dimprejur, care tr\u0103deaz\u0103 conturul aproape circular al fostului crater vulcanic, ultima oar\u0103 activ acum mai bine de 9800 de ani.<\/p>\n<p>Ajuns iarna, cum te afli oarecum l\u00e2ng\u0103 polul frigului din Rom\u00e2nica, ai toate \u015fansele s\u0103 g\u0103se\u015fti lacul \u00eenghe\u0163at complet. Tenta\u0163ia imediat\u0103: o plimbare p\u00e2n\u0103 \u00een centrul craterului, \u00een mijlocul lacului, unde vara apa ar avea o ad\u00e2ncime de cca 7 metri.<\/p>\n<p>Dac\u0103 vara po\u0163i s\u0103 bagi o baie sau s\u0103 faci o plimbare cu barca, iarna atrac\u0163iile sunt cu totul altele. Po\u0163i s\u0103 faci o vizit\u0103 scurt\u0103 la capela romano-catolic\u0103 de pe marginea lacului, dup\u0103 care te bagi la o rund\u0103 zdrav\u0103n\u0103 de s\u0103niu\u015f. S\u0103niile se \u00eenchiriaz\u0103 de la intrarea \u00een rezerva\u0163ie \u015fi sunt unele mai de soi, cu care prinzi vitez\u0103, t\u0103lpicile fiind f\u0103cute din foste schiuri. Dac\u0103 reu\u015fe\u015fti s\u0103 ajungi jos \u00eentreg, dup\u0103 cele c\u00e2teva serpentine pe care le cobori ca la mondialele de bob,\u00a0po\u0163i s\u0103 te \u00eenc\u0103lze\u015fti urc\u00e2nd voinice\u015fte la picior \u00eentreaga distan\u0163\u0103 sau po\u0163i s\u0103 fii boier \u015fi s\u0103 te la\u015fi tractat (contra cost) de ma\u015finile de teren ale celor de la adimistra\u0163ia rezerva\u0163iei.<\/p>\n<p>\u00centreaga zon\u0103 a lacului Sf\u00e2nta Ana este declarat\u0103 rezerva\u0163ie natural\u0103 complex\u0103 (geologic\u0103, floristic\u0103 \u015fi faunistic\u0103) \u015fi este administrat\u0103 de un custode, \u00a0Ecos Club, care, paradoxal pentru spa\u0163iul mioritic, chiar face treab\u0103 bun\u0103. Evident, loc de mai bine este oriunde, dar, comparativ cu alte zone din \u0163ar\u0103, aici lucrurile stau bine.\u00a0Acela\u015fi custode administreaz\u0103 \u015fi Tinovul Moho\u015f situat la o arunc\u0103tur\u0103 de b\u0103\u0163 de lacul Sf\u00e2nta Ana. Aici avem de-a face cu un al doilea crater vulcanic, numai c\u0103 \u0103stuia i-a fost poft\u0103 de mi\u015fte mu\u015fchi \u015fi a\u015fa a ajuns s\u0103 se colmateze cu turba depus\u0103 an de an. Dar despre plantele carnivore de aici&#8230; \u00een alt episod \ud83d\ude42<br \/>\n<span style=\"color: #c0c0c0;\">&#8212;&#8212;&#8212;&#8212;&#8212;&#8212;&#8211;<br \/>\n<\/span><strong><span style=\"color: #c0c0c0;\">Vezi \u015fi:<\/span><br \/>\nToprural-De v\u0103zut, de f\u0103cut: <a href=\"http:\/\/toprural.ro\/index.php\/929\/baile-tusnad\/\" target=\"_self\">B\u0103ile Tu\u015fnad (iarna)<\/a>, <a href=\"http:\/\/toprural.ro\/index.php\/857\/tusnad\/\" target=\"_self\">Cetatea Balvanyos<\/a> <a href=\"http:\/\/toprural.ro\/index.php\/909\/hanul-secuiesc-baile-tusnad\/\" target=\"_self\"><br \/>\n<\/a>Toprural-Cazare: <a href=\"http:\/\/toprural.ro\/index.php\/909\/hanul-secuiesc-baile-tusnad\/\" target=\"_self\">Hanul Secuiesc-B\u0103ile Tu\u015fnad<br \/>\n<\/a>Toprural-Papa:\u00a0<a href=\"http:\/\/toprural.ro\/index.php\/909\/hanul-secuiesc-baile-tusnad\/\" target=\"_self\">Hanul Secuiesc-B\u0103ile Tu\u015fnad<\/a><br \/>\nExtern: <a href=\"http:\/\/maps.google.com\/?ie=UTF8&amp;t=f&amp;ecpose=46.1346776,25.88319376,6952.39,0.663,0,0&amp;ll=46.134678,25.883194&amp;spn=0.046512,0.109863&amp;z=14\" target=\"_blank\">Harta<\/a><\/strong><\/p>\n","protected":false},"excerpt":{"rendered":"<p>Originea vulcanic\u0103 face din lacul Sf\u00e2nta Ana un unicat \u00een Rom\u00e2nia \u015fi, totodat\u0103, \u00eel claseaz\u0103 printre pu\u0163inele de acest fel din Europa. Legat permanent ca destina\u0163ie turistic\u0103 de sta\u0163iunea din [&hellip;]<\/p>\n","protected":false},"author":1,"featured_media":4764,"comment_status":"open","ping_status":"open","sticky":false,"template":"","format":"standard","meta":{"ngg_post_thumbnail":0,"jetpack_post_was_ever_published":false,"_jetpack_newsletter_access":"","_jetpack_dont_email_post_to_subs":false,"_jetpack_newsletter_tier_id":0,"_jetpack_memberships_contains_paywalled_content":false,"_jetpack_memberships_contains_paid_content":false,"footnotes":"","jetpack_publicize_message":"","jetpack_publicize_feature_enabled":true,"jetpack_social_post_already_shared":false,"jetpack_social_options":{"image_generator_settings":{"template":"highway","default_image_id":0,"font":"","enabled":false},"version":2}},"categories":[35],"tags":[50],"class_list":["post-895","post","type-post","status-publish","format-standard","has-post-thumbnail","hentry","category-blog","tag-harghita"],"aioseo_notices":[],"jetpack_publicize_connections":[],"jetpack_featured_media_url":"https:\/\/i0.wp.com\/cartitaplimbareata.ro\/wp-content\/uploads\/0001_Lacul-Sfanta-Ana_Tusnad-2011_01_0031.jpg?fit=800%2C533&ssl=1","jetpack_sharing_enabled":true,"jetpack_shortlink":"https:\/\/wp.me\/p65bIc-er","_links":{"self":[{"href":"https:\/\/cartitaplimbareata.ro\/index.php\/wp-json\/wp\/v2\/posts\/895","targetHints":{"allow":["GET"]}}],"collection":[{"href":"https:\/\/cartitaplimbareata.ro\/index.php\/wp-json\/wp\/v2\/posts"}],"about":[{"href":"https:\/\/cartitaplimbareata.ro\/index.php\/wp-json\/wp\/v2\/types\/post"}],"author":[{"embeddable":true,"href":"https:\/\/cartitaplimbareata.ro\/index.php\/wp-json\/wp\/v2\/users\/1"}],"replies":[{"embeddable":true,"href":"https:\/\/cartitaplimbareata.ro\/index.php\/wp-json\/wp\/v2\/comments?post=895"}],"version-history":[{"count":22,"href":"https:\/\/cartitaplimbareata.ro\/index.php\/wp-json\/wp\/v2\/posts\/895\/revisions"}],"predecessor-version":[{"id":5708,"href":"https:\/\/cartitaplimbareata.ro\/index.php\/wp-json\/wp\/v2\/posts\/895\/revisions\/5708"}],"wp:featuredmedia":[{"embeddable":true,"href":"https:\/\/cartitaplimbareata.ro\/index.php\/wp-json\/wp\/v2\/media\/4764"}],"wp:attachment":[{"href":"https:\/\/cartitaplimbareata.ro\/index.php\/wp-json\/wp\/v2\/media?parent=895"}],"wp:term":[{"taxonomy":"category","embeddable":true,"href":"https:\/\/cartitaplimbareata.ro\/index.php\/wp-json\/wp\/v2\/categories?post=895"},{"taxonomy":"post_tag","embeddable":true,"href":"https:\/\/cartitaplimbareata.ro\/index.php\/wp-json\/wp\/v2\/tags?post=895"}],"curies":[{"name":"wp","href":"https:\/\/api.w.org\/{rel}","templated":true}]}}