{"id":929,"date":"2011-01-14T12:04:20","date_gmt":"2011-01-14T12:04:20","guid":{"rendered":"http:\/\/toprural.ro\/?p=929"},"modified":"2012-12-08T12:44:41","modified_gmt":"2012-12-08T12:44:41","slug":"baile-tusnad","status":"publish","type":"post","link":"https:\/\/cartitaplimbareata.ro\/index.php\/929\/baile-tusnad\/","title":{"rendered":"B\u0103ile Tu\u015fnad (iarna)"},"content":{"rendered":"<p>Cum e vara, cand te prelingi pe asfalt \u015fi curg apele de pe tine de zici c\u0103 e\u015fti Niagara \u015fi te g\u00e2nde\u015fti: &#8220;mam\u0103-mam\u0103, s\u0103 fie acum miezul iernii, a\u015fa pu\u0163in, juma&#8217; de or\u0103 numai&#8230;&#8221;. Dar \u015fi cu iarna asta lucrurile nu sunt clare, pentru unii poate s\u0103 par\u0103 cald\u0103, iar pentru al\u0163ii tare friguroas\u0103 mai e.<a href=\"https:\/\/i0.wp.com\/cartitaplimbareata.ro\/wp-content\/uploads\/0004_Baile-Tusnad-2011_01_002.jpg\" data-rel=\"lightbox-image-0\" data-rl_title=\"\" data-rl_caption=\"\"><img data-recalc-dims=\"1\" loading=\"lazy\" decoding=\"async\" data-attachment-id=\"931\" data-permalink=\"https:\/\/cartitaplimbareata.ro\/index.php\/929\/baile-tusnad\/0004_baile-tusnad-2011_01_002\/\" data-orig-file=\"https:\/\/i0.wp.com\/cartitaplimbareata.ro\/wp-content\/uploads\/0004_Baile-Tusnad-2011_01_002.jpg?fit=800%2C533&amp;ssl=1\" data-orig-size=\"800,533\" data-comments-opened=\"1\" data-image-meta=\"{&quot;aperture&quot;:&quot;13&quot;,&quot;credit&quot;:&quot;&quot;,&quot;camera&quot;:&quot;Canon EOS 40D&quot;,&quot;caption&quot;:&quot;&quot;,&quot;created_timestamp&quot;:&quot;1293808395&quot;,&quot;copyright&quot;:&quot;&quot;,&quot;focal_length&quot;:&quot;10&quot;,&quot;iso&quot;:&quot;400&quot;,&quot;shutter_speed&quot;:&quot;0.008&quot;,&quot;title&quot;:&quot;&quot;}\" data-image-title=\"0004_Baile Tusnad (2011_01)_002\" data-image-description=\"\" data-image-caption=\"\" data-medium-file=\"https:\/\/i0.wp.com\/cartitaplimbareata.ro\/wp-content\/uploads\/0004_Baile-Tusnad-2011_01_002.jpg?fit=188%2C125&amp;ssl=1\" data-large-file=\"https:\/\/i0.wp.com\/cartitaplimbareata.ro\/wp-content\/uploads\/0004_Baile-Tusnad-2011_01_002.jpg?fit=494%2C329&amp;ssl=1\" class=\"alignleft size-large wp-image-931\" title=\"\" src=\"https:\/\/i0.wp.com\/cartitaplimbareata.ro\/wp-content\/uploads\/0004_Baile-Tusnad-2011_01_002-494x329.jpg?resize=494%2C329\" alt=\"\" width=\"494\" height=\"329\" srcset=\"https:\/\/i0.wp.com\/cartitaplimbareata.ro\/wp-content\/uploads\/0004_Baile-Tusnad-2011_01_002.jpg?resize=494%2C329&amp;ssl=1 494w, https:\/\/i0.wp.com\/cartitaplimbareata.ro\/wp-content\/uploads\/0004_Baile-Tusnad-2011_01_002.jpg?resize=188%2C125&amp;ssl=1 188w, https:\/\/i0.wp.com\/cartitaplimbareata.ro\/wp-content\/uploads\/0004_Baile-Tusnad-2011_01_002.jpg?w=800&amp;ssl=1 800w\" sizes=\"auto, (max-width: 494px) 100vw, 494px\" \/><\/a><\/p>\n<p>Dac\u0103 vrei frig iarna, dar frig, nene, nu glum\u0103, atunci locul este perfect. A\u015fa, cu pu\u0163in noroc, -25 de grade noaptea \u015fi spre diminea\u0163\u0103, \u015fi un -18 grade ziua, sunt destul de des floare la ureche aici.<\/p>\n<p>Noroc c\u0103 ai cum s\u0103 te \u00eenc\u0103lze\u015fti ziua, c\u0103ci de\u015fi pare la fel de &#8220;moart\u0103&#8221; ca \u015fi alte sta\u0163iuni de pe la noi, o s\u0103 descoperi u\u015for c\u0103 ai chestii de f\u0103cut \u00een B\u0103ile Tu\u015fnad iarna. Po\u0163i s\u0103 bagi un ski, pe p\u00e2rtia nou amenajat\u0103 de la cap\u0103tul nordic al sta\u0163iunii, cam abrupt\u0103 \u00eens\u0103 ca s\u0103 fie bun\u0103 \u015fi pentru \u00eencep\u0103tori, sau po\u0163i s\u0103 \u00ee\u0163i rupi g\u00e2tul \u015fi genunchii pe la patinoarul amenajat \u00een apropierea Hanului Secuiesc.<\/p>\n<p><a href=\"https:\/\/i0.wp.com\/cartitaplimbareata.ro\/wp-content\/uploads\/0004_Baile-Tusnad-2011_01_006.jpg\" data-rel=\"lightbox-image-1\" data-rl_title=\"\" data-rl_caption=\"\"><img data-recalc-dims=\"1\" loading=\"lazy\" decoding=\"async\" data-attachment-id=\"935\" data-permalink=\"https:\/\/cartitaplimbareata.ro\/index.php\/929\/baile-tusnad\/0004_baile-tusnad-2011_01_006\/\" data-orig-file=\"https:\/\/i0.wp.com\/cartitaplimbareata.ro\/wp-content\/uploads\/0004_Baile-Tusnad-2011_01_006.jpg?fit=800%2C533&amp;ssl=1\" data-orig-size=\"800,533\" data-comments-opened=\"1\" data-image-meta=\"{&quot;aperture&quot;:&quot;8&quot;,&quot;credit&quot;:&quot;&quot;,&quot;camera&quot;:&quot;Canon EOS 40D&quot;,&quot;caption&quot;:&quot;&quot;,&quot;created_timestamp&quot;:&quot;1293979125&quot;,&quot;copyright&quot;:&quot;&quot;,&quot;focal_length&quot;:&quot;10&quot;,&quot;iso&quot;:&quot;200&quot;,&quot;shutter_speed&quot;:&quot;0.008&quot;,&quot;title&quot;:&quot;&quot;}\" data-image-title=\"0004_Baile Tusnad (2011_01)_006\" data-image-description=\"\" data-image-caption=\"\" data-medium-file=\"https:\/\/i0.wp.com\/cartitaplimbareata.ro\/wp-content\/uploads\/0004_Baile-Tusnad-2011_01_006.jpg?fit=188%2C125&amp;ssl=1\" data-large-file=\"https:\/\/i0.wp.com\/cartitaplimbareata.ro\/wp-content\/uploads\/0004_Baile-Tusnad-2011_01_006.jpg?fit=494%2C329&amp;ssl=1\" class=\"alignleft size-large wp-image-935\" title=\"\" src=\"https:\/\/i0.wp.com\/cartitaplimbareata.ro\/wp-content\/uploads\/0004_Baile-Tusnad-2011_01_006-494x329.jpg?resize=494%2C329\" alt=\"\" width=\"494\" height=\"329\" srcset=\"https:\/\/i0.wp.com\/cartitaplimbareata.ro\/wp-content\/uploads\/0004_Baile-Tusnad-2011_01_006.jpg?resize=494%2C329&amp;ssl=1 494w, https:\/\/i0.wp.com\/cartitaplimbareata.ro\/wp-content\/uploads\/0004_Baile-Tusnad-2011_01_006.jpg?resize=188%2C125&amp;ssl=1 188w, https:\/\/i0.wp.com\/cartitaplimbareata.ro\/wp-content\/uploads\/0004_Baile-Tusnad-2011_01_006.jpg?w=800&amp;ssl=1 800w\" sizes=\"auto, (max-width: 494px) 100vw, 494px\" \/><\/a><\/p>\n<p>&nbsp;<\/p>\n<p><a href=\"https:\/\/i0.wp.com\/cartitaplimbareata.ro\/wp-content\/uploads\/0004_Baile-Tusnad-2011_01_005.jpg\" data-rel=\"lightbox-image-2\" data-rl_title=\"\" data-rl_caption=\"\"><img data-recalc-dims=\"1\" loading=\"lazy\" decoding=\"async\" data-attachment-id=\"934\" data-permalink=\"https:\/\/cartitaplimbareata.ro\/index.php\/929\/baile-tusnad\/0004_baile-tusnad-2011_01_005\/\" data-orig-file=\"https:\/\/i0.wp.com\/cartitaplimbareata.ro\/wp-content\/uploads\/0004_Baile-Tusnad-2011_01_005.jpg?fit=800%2C533&amp;ssl=1\" data-orig-size=\"800,533\" data-comments-opened=\"1\" data-image-meta=\"{&quot;aperture&quot;:&quot;8&quot;,&quot;credit&quot;:&quot;&quot;,&quot;camera&quot;:&quot;Canon EOS 40D&quot;,&quot;caption&quot;:&quot;&quot;,&quot;created_timestamp&quot;:&quot;1293978098&quot;,&quot;copyright&quot;:&quot;&quot;,&quot;focal_length&quot;:&quot;10&quot;,&quot;iso&quot;:&quot;200&quot;,&quot;shutter_speed&quot;:&quot;0.008&quot;,&quot;title&quot;:&quot;&quot;}\" data-image-title=\"0004_Baile Tusnad (2011_01)_005\" data-image-description=\"\" data-image-caption=\"\" data-medium-file=\"https:\/\/i0.wp.com\/cartitaplimbareata.ro\/wp-content\/uploads\/0004_Baile-Tusnad-2011_01_005.jpg?fit=188%2C125&amp;ssl=1\" data-large-file=\"https:\/\/i0.wp.com\/cartitaplimbareata.ro\/wp-content\/uploads\/0004_Baile-Tusnad-2011_01_005.jpg?fit=494%2C329&amp;ssl=1\" class=\"alignleft size-large wp-image-934\" title=\"\" src=\"https:\/\/i0.wp.com\/cartitaplimbareata.ro\/wp-content\/uploads\/0004_Baile-Tusnad-2011_01_005-494x329.jpg?resize=494%2C329\" alt=\"\" width=\"494\" height=\"329\" srcset=\"https:\/\/i0.wp.com\/cartitaplimbareata.ro\/wp-content\/uploads\/0004_Baile-Tusnad-2011_01_005.jpg?resize=494%2C329&amp;ssl=1 494w, https:\/\/i0.wp.com\/cartitaplimbareata.ro\/wp-content\/uploads\/0004_Baile-Tusnad-2011_01_005.jpg?resize=188%2C125&amp;ssl=1 188w, https:\/\/i0.wp.com\/cartitaplimbareata.ro\/wp-content\/uploads\/0004_Baile-Tusnad-2011_01_005.jpg?w=800&amp;ssl=1 800w\" sizes=\"auto, (max-width: 494px) 100vw, 494px\" \/><\/a>Dac\u0103 vrei s\u0103 r\u0103m\u00e2i tot prin preajma sta\u0163iunii, po\u0163i s\u0103 faci o excursie de o or\u0103 \u015fi jum\u0103tate (2 ore \u015fi jum\u0103tate dus-\u00eentors) p\u00e2n\u0103 pe Piatra \u015eoimilor, de unde ai o priveli\u015fte frumoas\u0103 asupra sta\u0163iunii \u015fi a mun\u0163ilor ce o \u00eenconjoar\u0103, iar traseul p\u00e2n\u0103 aici este \u015fi o lec\u0163ie despre natur\u0103. Fiind o arie natural\u0103 protejat\u0103, zona a beneficiat \u015fi de un program prin care s-a reu\u015fit amenajarea unui traseu tematic, cu panouri informative despre flor\u0103, faun\u0103 \u015fi cadrul natural.<\/p>\n<p><a href=\"https:\/\/i0.wp.com\/cartitaplimbareata.ro\/wp-content\/uploads\/0004_Baile-Tusnad-2011_01_007-e1343235979282.jpg\" data-rel=\"lightbox-image-3\" data-rl_title=\"\" data-rl_caption=\"\"><img data-recalc-dims=\"1\" loading=\"lazy\" decoding=\"async\" data-attachment-id=\"936\" data-permalink=\"https:\/\/cartitaplimbareata.ro\/index.php\/929\/baile-tusnad\/stitched-panorama\/\" data-orig-file=\"https:\/\/i0.wp.com\/cartitaplimbareata.ro\/wp-content\/uploads\/0004_Baile-Tusnad-2011_01_007-e1343235979282.jpg?fit=800%2C277&amp;ssl=1\" data-orig-size=\"800,277\" data-comments-opened=\"1\" data-image-meta=\"{&quot;aperture&quot;:&quot;8&quot;,&quot;credit&quot;:&quot;&quot;,&quot;camera&quot;:&quot;Canon EOS 40D&quot;,&quot;caption&quot;:&quot;&quot;,&quot;created_timestamp&quot;:&quot;1293975000&quot;,&quot;copyright&quot;:&quot;&quot;,&quot;focal_length&quot;:&quot;10&quot;,&quot;iso&quot;:&quot;200&quot;,&quot;shutter_speed&quot;:&quot;0.008&quot;,&quot;title&quot;:&quot;Stitched Panorama&quot;}\" data-image-title=\"0004_Baile-Tusnad-2011_01_007\" data-image-description=\"\" data-image-caption=\"\" data-medium-file=\"https:\/\/i0.wp.com\/cartitaplimbareata.ro\/wp-content\/uploads\/0004_Baile-Tusnad-2011_01_007-e1343235979282.jpg?fit=288%2C99&amp;ssl=1\" data-large-file=\"https:\/\/i0.wp.com\/cartitaplimbareata.ro\/wp-content\/uploads\/0004_Baile-Tusnad-2011_01_007-e1343235979282.jpg?fit=494%2C171&amp;ssl=1\" class=\"alignleft size-large wp-image-936\" title=\"\" src=\"https:\/\/i0.wp.com\/cartitaplimbareata.ro\/wp-content\/uploads\/0004_Baile-Tusnad-2011_01_007-e1343235979282-494x171.jpg?resize=494%2C171\" alt=\"\" width=\"494\" height=\"171\" srcset=\"https:\/\/i0.wp.com\/cartitaplimbareata.ro\/wp-content\/uploads\/0004_Baile-Tusnad-2011_01_007-e1343235979282.jpg?resize=494%2C171&amp;ssl=1 494w, https:\/\/i0.wp.com\/cartitaplimbareata.ro\/wp-content\/uploads\/0004_Baile-Tusnad-2011_01_007-e1343235979282.jpg?resize=288%2C99&amp;ssl=1 288w, https:\/\/i0.wp.com\/cartitaplimbareata.ro\/wp-content\/uploads\/0004_Baile-Tusnad-2011_01_007-e1343235979282.jpg?w=800&amp;ssl=1 800w\" sizes=\"auto, (max-width: 494px) 100vw, 494px\" \/><\/a><\/p>\n<p>\u015ei dac\u0103 vrei s\u0103 ie\u015fi din sta\u0163iune, lacul Sf\u00e2nta Ana te a\u015fteapt\u0103, fie merg\u00e2nd pe jos (traseu de cca 2 ore), fie cu ma\u015fina, drumul fiind \u00een permanen\u0163\u0103 desz\u0103pezit. O plimbare sau un s\u0103niu\u015f pe serpentinele ce coboar\u0103 p\u00e2n\u0103 aproape de lac sunt numai bune ca &#8220;aperitiv&#8221; pentru vinul fiert sau cafeaua fierbinte care te a\u015fteapt\u0103 s\u0103 le savurezi sus, la intrarea \u00een zona protejat\u0103.<\/p>\n<p><a href=\"https:\/\/i0.wp.com\/cartitaplimbareata.ro\/wp-content\/uploads\/0004_Baile-Tusnad-2011_01_002.jpg\" data-rel=\"lightbox-image-0\" data-rl_title=\"\" data-rl_caption=\"\"><img data-recalc-dims=\"1\" loading=\"lazy\" decoding=\"async\" data-attachment-id=\"931\" data-permalink=\"https:\/\/cartitaplimbareata.ro\/index.php\/929\/baile-tusnad\/0004_baile-tusnad-2011_01_002\/\" data-orig-file=\"https:\/\/i0.wp.com\/cartitaplimbareata.ro\/wp-content\/uploads\/0004_Baile-Tusnad-2011_01_002.jpg?fit=800%2C533&amp;ssl=1\" data-orig-size=\"800,533\" data-comments-opened=\"1\" data-image-meta=\"{&quot;aperture&quot;:&quot;13&quot;,&quot;credit&quot;:&quot;&quot;,&quot;camera&quot;:&quot;Canon EOS 40D&quot;,&quot;caption&quot;:&quot;&quot;,&quot;created_timestamp&quot;:&quot;1293808395&quot;,&quot;copyright&quot;:&quot;&quot;,&quot;focal_length&quot;:&quot;10&quot;,&quot;iso&quot;:&quot;400&quot;,&quot;shutter_speed&quot;:&quot;0.008&quot;,&quot;title&quot;:&quot;&quot;}\" data-image-title=\"0004_Baile Tusnad (2011_01)_002\" data-image-description=\"\" data-image-caption=\"\" data-medium-file=\"https:\/\/i0.wp.com\/cartitaplimbareata.ro\/wp-content\/uploads\/0004_Baile-Tusnad-2011_01_002.jpg?fit=188%2C125&amp;ssl=1\" data-large-file=\"https:\/\/i0.wp.com\/cartitaplimbareata.ro\/wp-content\/uploads\/0004_Baile-Tusnad-2011_01_002.jpg?fit=494%2C329&amp;ssl=1\" class=\"alignleft size-large wp-image-931\" title=\"\" src=\"https:\/\/i0.wp.com\/cartitaplimbareata.ro\/wp-content\/uploads\/0004_Baile-Tusnad-2011_01_002-494x329.jpg?resize=494%2C329\" alt=\"\" width=\"494\" height=\"329\" srcset=\"https:\/\/i0.wp.com\/cartitaplimbareata.ro\/wp-content\/uploads\/0004_Baile-Tusnad-2011_01_002.jpg?resize=494%2C329&amp;ssl=1 494w, https:\/\/i0.wp.com\/cartitaplimbareata.ro\/wp-content\/uploads\/0004_Baile-Tusnad-2011_01_002.jpg?resize=188%2C125&amp;ssl=1 188w, https:\/\/i0.wp.com\/cartitaplimbareata.ro\/wp-content\/uploads\/0004_Baile-Tusnad-2011_01_002.jpg?w=800&amp;ssl=1 800w\" sizes=\"auto, (max-width: 494px) 100vw, 494px\" \/><\/a><br \/>\n<span style=\"color: #c0c0c0;\">&#8212;&#8212;&#8212;&#8212;&#8212;&#8212;&#8212;&#8212;<br \/>\n<\/span><strong><span style=\"color: #c0c0c0;\">Vezi \u015fi:<\/span><br \/>\nDe v\u0103zut, de f\u0103cut: <a href=\"http:\/\/cartitaplimbareata.ro\/index.php\/895\/lacul-sfanta-ana-tusnad-iarna\/\">Lacul Sf\u00e2nta Ana (iarna),<\/a> Cetatea Balvanyos, <a href=\"http:\/\/toprural.ro\/index.php\/909\/hanul-secuiesc-baile-tusnad\/\" target=\"_self\"><br \/>\n<\/a>Papa: <a href=\"http:\/\/cartitaplimbareata.ro\/index.php\/909\/hanul-secuiesc-baile-tusnad\/\">Hanul Secuiesc-B\u0103ile Tu\u015fnad<\/a><br \/>\nExtern: <a href=\"http:\/\/maps.google.com\/?ie=UTF8&amp;t=f&amp;ecpose=46.1468585,25.88465251,10119.1,0.67,0,0&amp;ll=46.146858,25.884653&amp;spn=0.046501,0.109863&amp;z=14\" target=\"_blank\">Harta <\/a><\/strong><\/p>\n","protected":false},"excerpt":{"rendered":"<p>Cum e vara, cand te prelingi pe asfalt \u015fi curg apele de pe tine de zici c\u0103 e\u015fti Niagara \u015fi te g\u00e2nde\u015fti: &#8220;mam\u0103-mam\u0103, s\u0103 fie acum miezul iernii, a\u015fa pu\u0163in, [&hellip;]<\/p>\n","protected":false},"author":1,"featured_media":932,"comment_status":"open","ping_status":"open","sticky":false,"template":"","format":"standard","meta":{"ngg_post_thumbnail":0,"jetpack_post_was_ever_published":false,"_jetpack_newsletter_access":"","_jetpack_dont_email_post_to_subs":false,"_jetpack_newsletter_tier_id":0,"_jetpack_memberships_contains_paywalled_content":false,"_jetpack_memberships_contains_paid_content":false,"footnotes":"","jetpack_publicize_message":"","jetpack_publicize_feature_enabled":true,"jetpack_social_post_already_shared":false,"jetpack_social_options":{"image_generator_settings":{"template":"highway","default_image_id":0,"font":"","enabled":false},"version":2}},"categories":[35],"tags":[50],"class_list":["post-929","post","type-post","status-publish","format-standard","has-post-thumbnail","hentry","category-blog","tag-harghita"],"aioseo_notices":[],"jetpack_publicize_connections":[],"jetpack_featured_media_url":"https:\/\/i0.wp.com\/cartitaplimbareata.ro\/wp-content\/uploads\/0004_Baile-Tusnad-2011_01_003-e1343236066158.jpg?fit=800%2C533&ssl=1","jetpack_sharing_enabled":true,"jetpack_shortlink":"https:\/\/wp.me\/p65bIc-eZ","_links":{"self":[{"href":"https:\/\/cartitaplimbareata.ro\/index.php\/wp-json\/wp\/v2\/posts\/929","targetHints":{"allow":["GET"]}}],"collection":[{"href":"https:\/\/cartitaplimbareata.ro\/index.php\/wp-json\/wp\/v2\/posts"}],"about":[{"href":"https:\/\/cartitaplimbareata.ro\/index.php\/wp-json\/wp\/v2\/types\/post"}],"author":[{"embeddable":true,"href":"https:\/\/cartitaplimbareata.ro\/index.php\/wp-json\/wp\/v2\/users\/1"}],"replies":[{"embeddable":true,"href":"https:\/\/cartitaplimbareata.ro\/index.php\/wp-json\/wp\/v2\/comments?post=929"}],"version-history":[{"count":21,"href":"https:\/\/cartitaplimbareata.ro\/index.php\/wp-json\/wp\/v2\/posts\/929\/revisions"}],"predecessor-version":[{"id":5751,"href":"https:\/\/cartitaplimbareata.ro\/index.php\/wp-json\/wp\/v2\/posts\/929\/revisions\/5751"}],"wp:featuredmedia":[{"embeddable":true,"href":"https:\/\/cartitaplimbareata.ro\/index.php\/wp-json\/wp\/v2\/media\/932"}],"wp:attachment":[{"href":"https:\/\/cartitaplimbareata.ro\/index.php\/wp-json\/wp\/v2\/media?parent=929"}],"wp:term":[{"taxonomy":"category","embeddable":true,"href":"https:\/\/cartitaplimbareata.ro\/index.php\/wp-json\/wp\/v2\/categories?post=929"},{"taxonomy":"post_tag","embeddable":true,"href":"https:\/\/cartitaplimbareata.ro\/index.php\/wp-json\/wp\/v2\/tags?post=929"}],"curies":[{"name":"wp","href":"https:\/\/api.w.org\/{rel}","templated":true}]}}