{"id":9383,"date":"2014-06-17T12:15:25","date_gmt":"2014-06-17T12:15:25","guid":{"rendered":"http:\/\/cartitaplimbareata.ro\/?p=9383"},"modified":"2020-04-17T06:36:17","modified_gmt":"2020-04-17T06:36:17","slug":"padina-fest-sau-in-transylvania-unde-alegi-sa-te-petreci","status":"publish","type":"post","link":"https:\/\/cartitaplimbareata.ro\/index.php\/9383\/padina-fest-sau-in-transylvania-unde-alegi-sa-te-petreci\/","title":{"rendered":"Padina Fest sau In Transylvania? Unde alegi sa te petreci?"},"content":{"rendered":"\n<div class=\"wp-block-jetpack-tiled-gallery aligncenter is-style-rectangular\"><div class=\"tiled-gallery__gallery\"><div class=\"tiled-gallery__row\"><div class=\"tiled-gallery__col\"><figure class=\"tiled-gallery__item\"><img decoding=\"async\" data-attachment-id=\"9384\" data-permalink=\"https:\/\/cartitaplimbareata.ro\/index.php\/9383\/padina-fest-sau-in-transylvania-unde-alegi-sa-te-petreci\/festival-padina-fest-in-transylvania\/\" data-orig-file=\"https:\/\/i0.wp.com\/cartitaplimbareata.ro\/wp-content\/uploads\/Festival-Padina-Fest-In-Transylvania.jpg?fit=1000%2C614&amp;ssl=1\" data-orig-size=\"1000,614\" data-comments-opened=\"1\" data-image-meta=\"{&quot;aperture&quot;:&quot;0&quot;,&quot;credit&quot;:&quot;&quot;,&quot;camera&quot;:&quot;&quot;,&quot;caption&quot;:&quot;&quot;,&quot;created_timestamp&quot;:&quot;0&quot;,&quot;copyright&quot;:&quot;&quot;,&quot;focal_length&quot;:&quot;0&quot;,&quot;iso&quot;:&quot;0&quot;,&quot;shutter_speed&quot;:&quot;0&quot;,&quot;title&quot;:&quot;&quot;}\" data-image-title=\"Festival-Padina-Fest-In Transylvania\" data-image-description=\"\" data-image-caption=\"\" data-medium-file=\"https:\/\/i0.wp.com\/cartitaplimbareata.ro\/wp-content\/uploads\/Festival-Padina-Fest-In-Transylvania.jpg?fit=288%2C176&amp;ssl=1\" data-large-file=\"https:\/\/i0.wp.com\/cartitaplimbareata.ro\/wp-content\/uploads\/Festival-Padina-Fest-In-Transylvania.jpg?fit=494%2C303&amp;ssl=1\" data-attachment-id=\"9384\" data-permalink=\"https:\/\/cartitaplimbareata.ro\/index.php\/9383\/padina-fest-sau-in-transylvania-unde-alegi-sa-te-petreci\/festival-padina-fest-in-transylvania\/\" data-orig-file=\"https:\/\/i0.wp.com\/cartitaplimbareata.ro\/wp-content\/uploads\/Festival-Padina-Fest-In-Transylvania.jpg?fit=1000%2C614&amp;ssl=1\" data-orig-size=\"1000,614\" data-comments-opened=\"1\" data-image-meta=\"{&quot;aperture&quot;:&quot;0&quot;,&quot;credit&quot;:&quot;&quot;,&quot;camera&quot;:&quot;&quot;,&quot;caption&quot;:&quot;&quot;,&quot;created_timestamp&quot;:&quot;0&quot;,&quot;copyright&quot;:&quot;&quot;,&quot;focal_length&quot;:&quot;0&quot;,&quot;iso&quot;:&quot;0&quot;,&quot;shutter_speed&quot;:&quot;0&quot;,&quot;title&quot;:&quot;&quot;}\" data-image-title=\"Festival-Padina-Fest-In Transylvania\" data-image-description=\"\" data-image-caption=\"\" data-medium-file=\"https:\/\/i0.wp.com\/cartitaplimbareata.ro\/wp-content\/uploads\/Festival-Padina-Fest-In-Transylvania.jpg?fit=288%2C176&amp;ssl=1\" data-large-file=\"https:\/\/i0.wp.com\/cartitaplimbareata.ro\/wp-content\/uploads\/Festival-Padina-Fest-In-Transylvania.jpg?fit=494%2C303&amp;ssl=1\" role=\"button\" tabindex=\"0\" aria-label=\"Open image 1 of 1 in full-screen\"srcset=\"https:\/\/i0.wp.com\/cartitaplimbareata.ro\/wp-content\/uploads\/Festival-Padina-Fest-In-Transylvania.jpg?strip=info&#038;w=600&#038;ssl=1 600w,https:\/\/i0.wp.com\/cartitaplimbareata.ro\/wp-content\/uploads\/Festival-Padina-Fest-In-Transylvania.jpg?strip=info&#038;w=900&#038;ssl=1 900w,https:\/\/i0.wp.com\/cartitaplimbareata.ro\/wp-content\/uploads\/Festival-Padina-Fest-In-Transylvania.jpg?strip=info&#038;w=1000&#038;ssl=1 1000w\" alt=\"Padina Fest sau In Transilvania? Ce festival alegi?\" data-height=\"614\" data-id=\"9384\" data-link=\"https:\/\/cartitaplimbareata.ro\/index.php\/9383\/padina-fest-sau-in-transylvania-unde-alegi-sa-te-petreci\/festival-padina-fest-in-transylvania\/\" data-url=\"https:\/\/cartitaplimbareata.ro\/wp-content\/uploads\/Festival-Padina-Fest-In-Transylvania.jpg\" data-width=\"1000\" src=\"https:\/\/i0.wp.com\/cartitaplimbareata.ro\/wp-content\/uploads\/Festival-Padina-Fest-In-Transylvania.jpg?ssl=1\"\/><\/figure><\/div><\/div><\/div><\/div>\n\n\n\n<p>Cartita are miros fin iar nasul ei roz tocmai a detectat doua alternative faine de ieseala de weekend &#8211; doua festivaluri numai bune de ne-stat in casa. Ca doar e vara si nu vrem sa stam intre patru pereti, nu? Si faza cea mai tare si mai tare e ca <strong>are de dat doua abonamente de cate doua persoane, cate unul pentru fiecare festival.&nbsp;<\/strong><\/p>\n\n\n\n<p><span style=\"color: #0000ee;\">&nbsp;<\/span>Asa ca facem un <strong>CONCURS<\/strong> ca sa vedem cine o sa mearga la <strong>Padina Fest<\/strong>&nbsp;si<strong> In&nbsp;<\/strong><strong>Transylvania. &nbsp;<\/strong>De <strong>Padina Fest<\/strong> stiam, dar nu am reusit sa mergem la nici una din cele patru editii de pana acum. Rusine noua \ud83d\ude42 In schimb, la <strong>In Transilvania<\/strong> nu am pierdut inca nimic, pentru ca e la prima editie.<\/p>\n\n\n\n<p>Festivalurile astea doua se mananca cu multa voie buna, aer curat si peisaje faine, muzica si concerte cat cuprinde, activitati de aventura, teatru si mult sport. Suna bine, nu?&nbsp;Hai sa le luam pe rand, in ordinea numerelor de pe tricouri, ca sa nu ne iasa o salata \ud83d\ude42<\/p>\n\n\n\n<h3 class=\"wp-block-heading\">In Transilvanya<\/h3>\n\n\n\n<div class=\"wp-block-jetpack-tiled-gallery aligncenter is-style-rectangular\"><div class=\"tiled-gallery__gallery\"><div class=\"tiled-gallery__row\"><div class=\"tiled-gallery__col\"><figure class=\"tiled-gallery__item\"><img decoding=\"async\" data-attachment-id=\"9417\" data-permalink=\"https:\/\/cartitaplimbareata.ro\/index.php\/9383\/padina-fest-sau-in-transylvania-unde-alegi-sa-te-petreci\/poster-in-transylvania-2014\/\" data-orig-file=\"https:\/\/i0.wp.com\/cartitaplimbareata.ro\/wp-content\/uploads\/Poster-In-Transylvania-2014.jpg?fit=1071%2C1500&amp;ssl=1\" data-orig-size=\"1071,1500\" data-comments-opened=\"1\" data-image-meta=\"{&quot;aperture&quot;:&quot;0&quot;,&quot;credit&quot;:&quot;&quot;,&quot;camera&quot;:&quot;&quot;,&quot;caption&quot;:&quot;&quot;,&quot;created_timestamp&quot;:&quot;0&quot;,&quot;copyright&quot;:&quot;&quot;,&quot;focal_length&quot;:&quot;0&quot;,&quot;iso&quot;:&quot;0&quot;,&quot;shutter_speed&quot;:&quot;0&quot;,&quot;title&quot;:&quot;&quot;}\" data-image-title=\"Afis In Transylvania 2014\" data-image-description=\"\" data-image-caption=\"\" data-medium-file=\"https:\/\/i0.wp.com\/cartitaplimbareata.ro\/wp-content\/uploads\/Poster-In-Transylvania-2014.jpg?fit=205%2C288&amp;ssl=1\" data-large-file=\"https:\/\/i0.wp.com\/cartitaplimbareata.ro\/wp-content\/uploads\/Poster-In-Transylvania-2014.jpg?fit=352%2C494&amp;ssl=1\" data-attachment-id=\"9417\" data-permalink=\"https:\/\/cartitaplimbareata.ro\/index.php\/9383\/padina-fest-sau-in-transylvania-unde-alegi-sa-te-petreci\/poster-in-transylvania-2014\/\" data-orig-file=\"https:\/\/i0.wp.com\/cartitaplimbareata.ro\/wp-content\/uploads\/Poster-In-Transylvania-2014.jpg?fit=1071%2C1500&amp;ssl=1\" data-orig-size=\"1071,1500\" data-comments-opened=\"1\" data-image-meta=\"{&quot;aperture&quot;:&quot;0&quot;,&quot;credit&quot;:&quot;&quot;,&quot;camera&quot;:&quot;&quot;,&quot;caption&quot;:&quot;&quot;,&quot;created_timestamp&quot;:&quot;0&quot;,&quot;copyright&quot;:&quot;&quot;,&quot;focal_length&quot;:&quot;0&quot;,&quot;iso&quot;:&quot;0&quot;,&quot;shutter_speed&quot;:&quot;0&quot;,&quot;title&quot;:&quot;&quot;}\" data-image-title=\"Afis In Transylvania 2014\" data-image-description=\"\" data-image-caption=\"\" data-medium-file=\"https:\/\/i0.wp.com\/cartitaplimbareata.ro\/wp-content\/uploads\/Poster-In-Transylvania-2014.jpg?fit=205%2C288&amp;ssl=1\" data-large-file=\"https:\/\/i0.wp.com\/cartitaplimbareata.ro\/wp-content\/uploads\/Poster-In-Transylvania-2014.jpg?fit=352%2C494&amp;ssl=1\" role=\"button\" tabindex=\"0\" aria-label=\"Open image 1 of 1 in full-screen\"srcset=\"https:\/\/i2.wp.com\/cartitaplimbareata.ro\/wp-content\/uploads\/Poster-In-Transylvania-2014.jpg?strip=info&#038;w=600&#038;ssl=1 600w,https:\/\/i2.wp.com\/cartitaplimbareata.ro\/wp-content\/uploads\/Poster-In-Transylvania-2014.jpg?strip=info&#038;w=900&#038;ssl=1 900w,https:\/\/i2.wp.com\/cartitaplimbareata.ro\/wp-content\/uploads\/Poster-In-Transylvania-2014.jpg?strip=info&#038;w=1071&#038;ssl=1 1071w\" alt=\"Afis In Transylvania 2014\" data-height=\"1500\" data-id=\"9417\" data-link=\"https:\/\/cartitaplimbareata.ro\/index.php\/9383\/padina-fest-sau-in-transylvania-unde-alegi-sa-te-petreci\/poster-in-transylvania-2014\/\" data-url=\"https:\/\/cartitaplimbareata.ro\/wp-content\/uploads\/Poster-In-Transylvania-2014.jpg\" data-width=\"1071\" src=\"https:\/\/i2.wp.com\/cartitaplimbareata.ro\/wp-content\/uploads\/Poster-In-Transylvania-2014.jpg?ssl=1\"\/><\/figure><\/div><\/div><\/div><\/div>\n\n\n\n<p>Festivalul este la prima editie si se desfasoara in perioada 10-13 iulie,&nbsp;\u00een jude\u0163ul Brasov,&nbsp;zona turistic\u0103 S\u00e2mb\u0103ta &#8211; Dragu\u015f din \u0162ara Fagarasului. Condimentat cu un&nbsp;mix bun de muzic\u0103, teatru,&nbsp;activit\u0103\u0163i de aventura si competi\u0163ii sportive, In Transylvania este&nbsp;primul festival din Rom\u00e2nia&nbsp;organizat pe o partie de schi.<\/p>\n\n\n\n<p>Locurile de la poale de Fagaras ne plac mult si mai mult ca sigur festivalul are toate sansele sa fie unul tare fain. Ca atractii ale zonei sa amintim doar de Manastirea Sambata, herghelia Sambata sau Cetatea Fagarasului iar daca vrei sa faci ceva miscare ai si trasee turistice sau, putin mai departe, Transfagarasanul pe care ajungi imediat sus, la Balea Lac. &nbsp;De muzica ce sa mai zicem, trupe multe si faine &#8211; Dubioza Kolektiv, Alternosfera,&nbsp;Zdob \u015fi Zdub, Suie&nbsp;Paparude, Subcarpati, Luna Amara&#8230;&nbsp; sunt trecute toate, frumusel, pe afis. Si daca vrei mai multa adrenalina festivalul vine la pachet si cu un maraton &#8211; Maratonul Transilvaniei, cu&nbsp;2 probe independente: MTB Cross-country \u015fi Trail Running. Fiecare din probe&nbsp;are 2 trasee pe grade de dificultate mediu \u015fi avansat.<\/p>\n\n\n\n<p>Cazarea se rezolva si ea destul de simplu &#8211; pensiuni sunt multe in zona iar daca vrei si mai multa natura si sa stai aproape de buricul targului, poti sa stai cu cortul in campingul amenajat&nbsp;\u00een mijlocul unei poieni chiar l\u00e2ng\u0103 zona de&nbsp;festival.<\/p>\n\n\n\n<p>Un abonament la <strong>In Transilvania<\/strong> face 70 de lei, iar daca te intereseaza doar o zi anume biletele variaz\u0103 intre&nbsp;10 \u015fi 35 de lei. Toate detaliile despre eveniment le gasesti pe <a href=\"http:\/\/www.intransylvania.ro\/\" target=\"_blank\" rel=\"noopener noreferrer\">site-ul oficial In Transylvania<\/a> si pe <a href=\"https:\/\/www.facebook.com\/InTransylvania\" target=\"_blank\" rel=\"noopener noreferrer\">pagina de Facebook.<\/a><\/p>\n\n\n\n<h3 class=\"wp-block-heading\">Padina Fest<\/h3>\n\n\n\n<div class=\"wp-block-jetpack-tiled-gallery aligncenter is-style-rectangular\"><div class=\"tiled-gallery__gallery\"><div class=\"tiled-gallery__row\"><div class=\"tiled-gallery__col\"><figure class=\"tiled-gallery__item\"><img data-attachment-id=\"9418\" data-permalink=\"https:\/\/cartitaplimbareata.ro\/index.php\/9383\/padina-fest-sau-in-transylvania-unde-alegi-sa-te-petreci\/poster-padina-fest-2014\/\" data-orig-file=\"https:\/\/i0.wp.com\/cartitaplimbareata.ro\/wp-content\/uploads\/Poster-Padina-Fest-2014.jpg?fit=1056%2C1500&amp;ssl=1\" data-orig-size=\"1056,1500\" data-comments-opened=\"1\" data-image-meta=\"{&quot;aperture&quot;:&quot;0&quot;,&quot;credit&quot;:&quot;&quot;,&quot;camera&quot;:&quot;&quot;,&quot;caption&quot;:&quot;&quot;,&quot;created_timestamp&quot;:&quot;0&quot;,&quot;copyright&quot;:&quot;&quot;,&quot;focal_length&quot;:&quot;0&quot;,&quot;iso&quot;:&quot;0&quot;,&quot;shutter_speed&quot;:&quot;0&quot;,&quot;title&quot;:&quot;&quot;}\" data-image-title=\"Afis Padina Fest 2014\" data-image-description=\"\" data-image-caption=\"\" data-medium-file=\"https:\/\/i0.wp.com\/cartitaplimbareata.ro\/wp-content\/uploads\/Poster-Padina-Fest-2014.jpg?fit=202%2C288&amp;ssl=1\" data-large-file=\"https:\/\/i0.wp.com\/cartitaplimbareata.ro\/wp-content\/uploads\/Poster-Padina-Fest-2014.jpg?fit=347%2C494&amp;ssl=1\" data-attachment-id=\"9418\" data-permalink=\"https:\/\/cartitaplimbareata.ro\/index.php\/9383\/padina-fest-sau-in-transylvania-unde-alegi-sa-te-petreci\/poster-padina-fest-2014\/\" data-orig-file=\"https:\/\/i0.wp.com\/cartitaplimbareata.ro\/wp-content\/uploads\/Poster-Padina-Fest-2014.jpg?fit=1056%2C1500&amp;ssl=1\" data-orig-size=\"1056,1500\" data-comments-opened=\"1\" data-image-meta=\"{&quot;aperture&quot;:&quot;0&quot;,&quot;credit&quot;:&quot;&quot;,&quot;camera&quot;:&quot;&quot;,&quot;caption&quot;:&quot;&quot;,&quot;created_timestamp&quot;:&quot;0&quot;,&quot;copyright&quot;:&quot;&quot;,&quot;focal_length&quot;:&quot;0&quot;,&quot;iso&quot;:&quot;0&quot;,&quot;shutter_speed&quot;:&quot;0&quot;,&quot;title&quot;:&quot;&quot;}\" data-image-title=\"Afis Padina Fest 2014\" data-image-description=\"\" data-image-caption=\"\" data-medium-file=\"https:\/\/i0.wp.com\/cartitaplimbareata.ro\/wp-content\/uploads\/Poster-Padina-Fest-2014.jpg?fit=202%2C288&amp;ssl=1\" data-large-file=\"https:\/\/i0.wp.com\/cartitaplimbareata.ro\/wp-content\/uploads\/Poster-Padina-Fest-2014.jpg?fit=347%2C494&amp;ssl=1\" alt=\"Afis Padina Fest 2014\" data-id=\"9418\" data-url=\"http:\/\/cartitaplimbareata.ro\/wp-content\/uploads\/Poster-Padina-Fest-2014-202x288.jpg\"\/><\/figure><\/div><\/div><\/div><\/div>\n\n\n\n<p>Au trecut deja patru editii si noi nu am fost la niciuna dintre ele. Cu Padina Fest nu are rost sa o mai lungim atat. Festivalul de anul acesta se desfasoara in perioada 23 &#8211; 27 iulie 2014, adica la doua saptamani dupa cel din Fagaras.<\/p>\n\n\n\n<p>Lucrurile sunt clare pentru evenimentul din Bucegi. Ca si in Fagaras, si aici o sa bage peisaje faine si aer curat + muuulta muzica si activitati muntzomanistice (asa cum le place unora sa spuna \ud83d\ude42 ) &#8211; catarare la stanca, coborari in rapel, tiroliene, megatiroliene. Ai si&nbsp;workshopuri de&nbsp;istoria armelor \u015fi competi\u0163ii cu premii. Ai si Zona Zen cu hamace, saci de iuta si multa umbra. Ai si ursi&#8230; A, nu, astia sunt plecati in vacanta in perioada festivalului \ud83d\ude42 In schimb, in locul ursilor vin&nbsp;\u015euie Paparude,&nbsp;Implant Pentru Refuz, Grimus,&nbsp;ROA, Tapinarii &#8211; de astia am auzit asa ca de astia vorbim \ud83d\ude42 Sunt mai multe trupe si dai matale singur zoom pe afisul festivalului.<\/p>\n\n\n\n<p>Padina Fest vine si cu putin sport &#8211; Maratonul Bucegilor,&nbsp;cu dou\u0103 probe independente, Trail Running&nbsp;si MTB Crosscountry, fiecare cu doua probe de dificultate.<\/p>\n\n\n\n<p>Pentru Padina Fest un abonament costa 50 de lei iar accesul pentru o singura zi costa intre 15 si 30 de lei. Restul detaliilor le gasesti pe<a href=\"http:\/\/padinafest.ro\/\" target=\"_blank\" rel=\"noopener noreferrer\"> site-ul Pdina Fest&nbsp;<\/a>sau pe <a href=\"https:\/\/www.facebook.com\/padinafest\" target=\"_blank\" rel=\"noopener noreferrer\">pagina de Facebook a festivalului.<\/a><\/p>\n\n\n\n<h3 class=\"wp-block-heading\">Si in sfarsit CONCURSUL \ud83d\ude42<\/h3>\n\n\n\n<p>Am ajuns in sfarsit si la partea cu concursul. Cum spuneam avem de dat doua abonamente de cate doua persoane, cate unul pentru fiecare festival. Cum cele doua festivaluri sunt pentru oameni voiosi si cu simtul umorului, treaba e una simpla<strong>:<span style=\"color: #99cc00;\"> iti alegi o destinatie de pe Cartita si o postezi \/ dai share pe Facebook impreuna cu cea mai &#8220;dusa cu sorcova&#8221;, SF si haioasa asociere intre respectiva destinatie si evenimentul la care vrei sa participi.<\/span><\/strong>&nbsp;Nu uita sa folosesti in postare si hashtagurile <strong><span style=\"color: #99cc00;\">#padinafest<\/span>, <span style=\"color: #99cc00;\">#intransylvania<\/span> si <span style=\"color: #99cc00;\">#CartitaPlimbareata<\/span><\/strong>&nbsp;ca sa putem tine scorul \ud83d\ude42<\/p>\n\n\n\n<p><strong>Stiai ca testoasele din Cheile Dobrogei au plecat acum o saptamana si sunt in drum spre Padina? Si-au facut calculele sa ajunga fix la inceputul festivalului \ud83d\ude42&nbsp;<\/strong><\/p>\n\n\n\n<p>Asa ca cele mai faine comentarii pentru fiecare dintre festivaluri castiga abonamentele. Nu e cu tragere la sorti. Cu cat Cartita rade mai mult cu atat sansele sunt mai mari \ud83d\ude42 Castigatorii o sa fie anuntati pe 1 iulie pentru In Transylvania si pe 10 iulie pentru Padina Fest. Acum sa vedem imaginatie si distractie !<\/p>\n","protected":false},"excerpt":{"rendered":"<p>Cartita are miros fin iar nasul ei roz tocmai a detectat doua alternative faine de ieseala de weekend &#8211; doua festivaluri numai bune de ne-stat in casa. Ca doar e [&hellip;]<\/p>\n","protected":false},"author":1,"featured_media":9428,"comment_status":"open","ping_status":"open","sticky":false,"template":"","format":"standard","meta":{"ngg_post_thumbnail":0,"jetpack_post_was_ever_published":false,"_jetpack_newsletter_access":"","_jetpack_dont_email_post_to_subs":false,"_jetpack_newsletter_tier_id":0,"_jetpack_memberships_contains_paywalled_content":false,"_jetpack_memberships_contains_paid_content":false,"footnotes":"","jetpack_publicize_message":"","jetpack_publicize_feature_enabled":true,"jetpack_social_post_already_shared":false,"jetpack_social_options":{"image_generator_settings":{"template":"highway","default_image_id":0,"font":"","enabled":false},"version":2}},"categories":[35],"tags":[92,201,94],"class_list":["post-9383","post","type-post","status-publish","format-standard","has-post-thumbnail","hentry","category-blog","tag-bucegi","tag-evenimente","tag-fagaras"],"aioseo_notices":[],"jetpack_publicize_connections":[],"jetpack_featured_media_url":"https:\/\/i0.wp.com\/cartitaplimbareata.ro\/wp-content\/uploads\/Thumb-Padina-Fest-In-Transylvania.jpg?fit=188%2C188&ssl=1","jetpack_sharing_enabled":true,"jetpack_shortlink":"https:\/\/wp.me\/p65bIc-2rl","_links":{"self":[{"href":"https:\/\/cartitaplimbareata.ro\/index.php\/wp-json\/wp\/v2\/posts\/9383","targetHints":{"allow":["GET"]}}],"collection":[{"href":"https:\/\/cartitaplimbareata.ro\/index.php\/wp-json\/wp\/v2\/posts"}],"about":[{"href":"https:\/\/cartitaplimbareata.ro\/index.php\/wp-json\/wp\/v2\/types\/post"}],"author":[{"embeddable":true,"href":"https:\/\/cartitaplimbareata.ro\/index.php\/wp-json\/wp\/v2\/users\/1"}],"replies":[{"embeddable":true,"href":"https:\/\/cartitaplimbareata.ro\/index.php\/wp-json\/wp\/v2\/comments?post=9383"}],"version-history":[{"count":58,"href":"https:\/\/cartitaplimbareata.ro\/index.php\/wp-json\/wp\/v2\/posts\/9383\/revisions"}],"predecessor-version":[{"id":13347,"href":"https:\/\/cartitaplimbareata.ro\/index.php\/wp-json\/wp\/v2\/posts\/9383\/revisions\/13347"}],"wp:featuredmedia":[{"embeddable":true,"href":"https:\/\/cartitaplimbareata.ro\/index.php\/wp-json\/wp\/v2\/media\/9428"}],"wp:attachment":[{"href":"https:\/\/cartitaplimbareata.ro\/index.php\/wp-json\/wp\/v2\/media?parent=9383"}],"wp:term":[{"taxonomy":"category","embeddable":true,"href":"https:\/\/cartitaplimbareata.ro\/index.php\/wp-json\/wp\/v2\/categories?post=9383"},{"taxonomy":"post_tag","embeddable":true,"href":"https:\/\/cartitaplimbareata.ro\/index.php\/wp-json\/wp\/v2\/tags?post=9383"}],"curies":[{"name":"wp","href":"https:\/\/api.w.org\/{rel}","templated":true}]}}